{"id":64067,"date":"2020-12-11T05:02:00","date_gmt":"2020-12-11T08:02:00","guid":{"rendered":"http:\/\/progepe.ufpr.br\/portal\/?post_type=portarias&#038;p=64067"},"modified":"2023-08-03T13:21:00","modified_gmt":"2023-08-03T16:21:00","slug":"rt-2020-01621","status":"publish","type":"post","link":"https:\/\/progepe.ufpr.br\/portarias\/rt-2020-01621\/","title":{"rendered":"PORTARIA N\u00ba 01621\/REITORIA, DE 11 DE DEZEMBRO DE 2020"},"content":{"rendered":"\n<p><strong>O Reitor da Universidade Federal do Paran\u00e1, <\/strong>no uso de suas atribui\u00e7\u00f5es, tendo em vista o que consta no artigo 50, \u00a7 1\u00ba do Estatuto desta Universidade e o que consta no processo n\u00ba 23075.059632\/2020-63, <\/p>\n\n\n\n<p>RESOLVE: <\/p>\n\n\n\n<p>I.&nbsp;Nomear o servidor GUILHERME BRENNER\nLUCCHESI &#8211; 1140615, ocupante do cargo de Professor, no regime de trabalho de 20\n(vinte) horas semanais, para exercer a fun\u00e7\u00e3o de Vice-Coordenador de Curso de\nGradua\u00e7\u00e3o do Setor de Ci\u00eancias&nbsp;Jur\u00eddicas (Curso de Direito).<\/p>\n\n\n\n<p>II.&nbsp;O mandato ser\u00e1 de 02 (dois) anos, a partir\nda data de publica\u00e7\u00e3o em DOU da portaria de nomea\u00e7\u00e3o do(a) titular.<\/p>\n\n\n\n<p>III. Nos impedimentos do(a) Coordenador(a), o\nmencionado docente cumprir\u00e1, obrigatoriamente, o regime de trabalho de tempo\nintegral, de acordo com o disposto no \u00a7 5\u00b0, artigo 1\u00b0 da Lei n\u00b0 8.168\/91.<\/p>\n\n\n\n<p style=\"text-align:right\"><strong>RICARDO\nMARCELO FONSECA<\/strong><\/p>\n","protected":false},"excerpt":{"rendered":"<p>O Reitor da Universidade Federal do Paran\u00e1, no uso de suas atribui\u00e7\u00f5es, tendo em vista o que consta no artigo 50, \u00a7 1\u00ba do Estatuto desta Universidade e o que consta no processo n\u00ba 23075.059632\/2020-63, RESOLVE: I.&nbsp;Nomear o servidor GUILHERME BRENNER LUCCHESI &#8211; 1140615, ocupante do cargo de Professor, no regime de trabalho de 20 [&hellip;]<\/p>\n","protected":false},"author":50,"featured_media":0,"comment_status":"closed","ping_status":"closed","sticky":false,"template":"","format":"standard","meta":{"_acf_changed":false,"iawp_total_views":0,"footnotes":""},"categories":[117],"tags":[120],"class_list":["post-64067","post","type-post","status-publish","format-standard","hentry","category-rt","tag-funcao"],"acf":[],"_links":{"self":[{"href":"https:\/\/progepe.ufpr.br\/portarias\/wp-json\/wp\/v2\/posts\/64067","targetHints":{"allow":["GET"]}}],"collection":[{"href":"https:\/\/progepe.ufpr.br\/portarias\/wp-json\/wp\/v2\/posts"}],"about":[{"href":"https:\/\/progepe.ufpr.br\/portarias\/wp-json\/wp\/v2\/types\/post"}],"author":[{"embeddable":true,"href":"https:\/\/progepe.ufpr.br\/portarias\/wp-json\/wp\/v2\/users\/50"}],"replies":[{"embeddable":true,"href":"https:\/\/progepe.ufpr.br\/portarias\/wp-json\/wp\/v2\/comments?post=64067"}],"version-history":[{"count":1,"href":"https:\/\/progepe.ufpr.br\/portarias\/wp-json\/wp\/v2\/posts\/64067\/revisions"}],"predecessor-version":[{"id":196822,"href":"https:\/\/progepe.ufpr.br\/portarias\/wp-json\/wp\/v2\/posts\/64067\/revisions\/196822"}],"wp:attachment":[{"href":"https:\/\/progepe.ufpr.br\/portarias\/wp-json\/wp\/v2\/media?parent=64067"}],"wp:term":[{"taxonomy":"category","embeddable":true,"href":"https:\/\/progepe.ufpr.br\/portarias\/wp-json\/wp\/v2\/categories?post=64067"},{"taxonomy":"post_tag","embeddable":true,"href":"https:\/\/progepe.ufpr.br\/portarias\/wp-json\/wp\/v2\/tags?post=64067"}],"curies":[{"name":"wp","href":"https:\/\/api.w.org\/{rel}","templated":true}]}}