{"id":64100,"date":"2020-12-21T05:09:00","date_gmt":"2020-12-21T08:09:00","guid":{"rendered":"http:\/\/progepe.ufpr.br\/portal\/?post_type=portarias&#038;p=64100"},"modified":"2023-08-03T13:21:06","modified_gmt":"2023-08-03T16:21:06","slug":"rt-2020-01669","status":"publish","type":"post","link":"https:\/\/progepe.ufpr.br\/portarias\/rt-2020-01669\/","title":{"rendered":"PORTARIA N\u00ba 01669\/REITORIA, DE 21 DE DEZEMBRO DE 2020"},"content":{"rendered":"\n<p><strong>O Reitor da Universidade Federal do Paran\u00e1, <\/strong>no uso de suas atribui\u00e7\u00f5es&nbsp; e tendo em vista o que consta no processo n\u00ba 23075.069374\/2020-23, <\/p>\n\n\n\n<p>RESOLVE: <\/p>\n\n\n\n<p>Exonerar, a pedido, a partir de 31 de dezembro de\n2020, a servidora NATASHA PACHECO DE MELLO OLIVEIRA&nbsp;&#8211; 1823138, da fun\u00e7\u00e3o\ngratificada de Chefe da Biblioteca de Ci\u00eancias da Sa\u00fade\/Bot\u00e2nico, FG-01, do\nSistema de Bibliotecas.<\/p>\n\n\n\n<p class=\"has-text-align-right\"><\/p>\n","protected":false},"excerpt":{"rendered":"<p>O Reitor da Universidade Federal do Paran\u00e1, no uso de suas atribui\u00e7\u00f5es&nbsp; e tendo em vista o que consta no processo n\u00ba 23075.069374\/2020-23, RESOLVE: Exonerar, a pedido, a partir de 31 de dezembro de 2020, a servidora NATASHA PACHECO DE MELLO OLIVEIRA&nbsp;&#8211; 1823138, da fun\u00e7\u00e3o gratificada de Chefe da Biblioteca de Ci\u00eancias da Sa\u00fade\/Bot\u00e2nico, FG-01, [&hellip;]<\/p>\n","protected":false},"author":50,"featured_media":0,"comment_status":"closed","ping_status":"closed","sticky":false,"template":"","format":"standard","meta":{"_acf_changed":false,"iawp_total_views":1,"footnotes":""},"categories":[117],"tags":[120],"class_list":["post-64100","post","type-post","status-publish","format-standard","hentry","category-rt","tag-funcao"],"acf":[],"_links":{"self":[{"href":"https:\/\/progepe.ufpr.br\/portarias\/wp-json\/wp\/v2\/posts\/64100","targetHints":{"allow":["GET"]}}],"collection":[{"href":"https:\/\/progepe.ufpr.br\/portarias\/wp-json\/wp\/v2\/posts"}],"about":[{"href":"https:\/\/progepe.ufpr.br\/portarias\/wp-json\/wp\/v2\/types\/post"}],"author":[{"embeddable":true,"href":"https:\/\/progepe.ufpr.br\/portarias\/wp-json\/wp\/v2\/users\/50"}],"replies":[{"embeddable":true,"href":"https:\/\/progepe.ufpr.br\/portarias\/wp-json\/wp\/v2\/comments?post=64100"}],"version-history":[{"count":2,"href":"https:\/\/progepe.ufpr.br\/portarias\/wp-json\/wp\/v2\/posts\/64100\/revisions"}],"predecessor-version":[{"id":187100,"href":"https:\/\/progepe.ufpr.br\/portarias\/wp-json\/wp\/v2\/posts\/64100\/revisions\/187100"}],"wp:attachment":[{"href":"https:\/\/progepe.ufpr.br\/portarias\/wp-json\/wp\/v2\/media?parent=64100"}],"wp:term":[{"taxonomy":"category","embeddable":true,"href":"https:\/\/progepe.ufpr.br\/portarias\/wp-json\/wp\/v2\/categories?post=64100"},{"taxonomy":"post_tag","embeddable":true,"href":"https:\/\/progepe.ufpr.br\/portarias\/wp-json\/wp\/v2\/tags?post=64100"}],"curies":[{"name":"wp","href":"https:\/\/api.w.org\/{rel}","templated":true}]}}