{"id":64126,"date":"2020-12-21T10:23:00","date_gmt":"2020-12-21T13:23:00","guid":{"rendered":"http:\/\/progepe.ufpr.br\/portal\/?post_type=portarias&#038;p=64126"},"modified":"2023-08-03T13:00:14","modified_gmt":"2023-08-03T16:00:14","slug":"progepe-2020-03639","status":"publish","type":"post","link":"https:\/\/progepe.ufpr.br\/portarias\/progepe-2020-03639\/","title":{"rendered":"PORTARIA N\u00ba 03639\/PROGEPE, DE 21 DE DEZEMBRO DE 2020"},"content":{"rendered":"\n<p><strong>O Pr\u00f3-Reitor de Gest\u00e3o de Pessoas da Universidade Federal do Paran\u00e1,<\/strong> no uso de\nsuas atribui\u00e7\u00f5es, tendo em vista a compet\u00eancia que lhe \u00e9 conferida pela\nPortaria n\u00ba 2.590, de 26 de\nsetembro de 1997 e considerando o que consta no processo n\u00ba 23075.019184\/2020-65,<\/p>\n\n\n\n<p>RESOLVE:<\/p>\n\n\n\n<p>Conceder\naposentadoria volunt\u00e1ria por tempo de contribui\u00e7\u00e3o, nos termos do Art. 4\u00ba da Emenda\nConstitucional n\u00ba 103\/2019 \u00e0 servidora MARIA MARLENE BORGES &#8211; 1044771, lotada na Equipe de Eletrocardiografia do\nHospital de Cl\u00ednicas, ocupante do cargo de Auxiliar de Enfermagem, n\u00edvel de\nClassifica\u00e7\u00e3o C, n\u00edvel de Capacita\u00e7\u00e3o IV, padr\u00e3o de Vencimento 16, no regime de\n40 (quarenta) horas semanais, com a totalidade\nde sua remunera\u00e7\u00e3o, nos termos do \u00a7 2\u00ba, Inciso I do Art. 20 da referida Emenda\nConstitucional, com o vencimento do referido cargo, mais a gratifica\u00e7\u00e3o adicional\npor tempo de servi\u00e7o, prevista no Art. 67 da Lei n\u00ba 8.112\/90, no \u00edndice de 5%\n(cinco&nbsp;por cento), calculada sobre o vencimento b\u00e1sico, mais o vencimento\nb\u00e1sico complementar, Art. 15, da Lei n\u00b0 11.091\/2005, mais o Incentivo \u00e0\nQualifica\u00e7\u00e3o, Decreto n\u00b0 5.824\/2006.<\/p>\n\n\n\n<p style=\"text-align:right\">Douglas Ortiz Hamermuller<\/p>\n","protected":false},"excerpt":{"rendered":"<p>Conceder aposentadoria volunt\u00e1ria por tempo de contribui\u00e7\u00e3o, nos termos do Art. 4\u00ba da Emenda Constitucional n\u00ba 103\/2019 \u00e0 servidora MARIA MARLENE BORGES &#8211; 1044771, lotada na Equipe de Eletrocardiografia do Hospital de Cl\u00ednicas, ocupante do cargo de Auxiliar de Enfermagem, n\u00edvel de Classifica\u00e7\u00e3o C, n\u00edvel de Capacita\u00e7\u00e3o IV, padr\u00e3o de Vencimento 16, no regime de 40 (quarenta) horas semanais, com a totalidade de sua remunera\u00e7\u00e3o, nos termos do \u00a7 2\u00ba, Inciso I do Art. 20 da referida Emenda Constitucional, com o vencimento do referido cargo, mais a gratifica\u00e7\u00e3o adicional por tempo de servi\u00e7o, prevista no Art. 67 da<\/p>\n","protected":false},"author":49,"featured_media":0,"comment_status":"closed","ping_status":"closed","sticky":false,"template":"","format":"standard","meta":{"_acf_changed":false,"iawp_total_views":0,"footnotes":""},"categories":[116],"tags":[125],"class_list":["post-64126","post","type-post","status-publish","format-standard","hentry","category-progepe","tag-aposentadoria"],"acf":[],"_links":{"self":[{"href":"https:\/\/progepe.ufpr.br\/portarias\/wp-json\/wp\/v2\/posts\/64126","targetHints":{"allow":["GET"]}}],"collection":[{"href":"https:\/\/progepe.ufpr.br\/portarias\/wp-json\/wp\/v2\/posts"}],"about":[{"href":"https:\/\/progepe.ufpr.br\/portarias\/wp-json\/wp\/v2\/types\/post"}],"author":[{"embeddable":true,"href":"https:\/\/progepe.ufpr.br\/portarias\/wp-json\/wp\/v2\/users\/49"}],"replies":[{"embeddable":true,"href":"https:\/\/progepe.ufpr.br\/portarias\/wp-json\/wp\/v2\/comments?post=64126"}],"version-history":[{"count":1,"href":"https:\/\/progepe.ufpr.br\/portarias\/wp-json\/wp\/v2\/posts\/64126\/revisions"}],"predecessor-version":[{"id":196827,"href":"https:\/\/progepe.ufpr.br\/portarias\/wp-json\/wp\/v2\/posts\/64126\/revisions\/196827"}],"wp:attachment":[{"href":"https:\/\/progepe.ufpr.br\/portarias\/wp-json\/wp\/v2\/media?parent=64126"}],"wp:term":[{"taxonomy":"category","embeddable":true,"href":"https:\/\/progepe.ufpr.br\/portarias\/wp-json\/wp\/v2\/categories?post=64126"},{"taxonomy":"post_tag","embeddable":true,"href":"https:\/\/progepe.ufpr.br\/portarias\/wp-json\/wp\/v2\/tags?post=64126"}],"curies":[{"name":"wp","href":"https:\/\/api.w.org\/{rel}","templated":true}]}}