{"id":64146,"date":"2020-12-30T20:00:00","date_gmt":"2020-12-30T23:00:00","guid":{"rendered":"http:\/\/progepe.ufpr.br\/portal\/?post_type=portarias&#038;p=64146"},"modified":"2024-09-24T16:16:35","modified_gmt":"2024-09-24T19:16:35","slug":"dd-2020-00742","status":"publish","type":"post","link":"https:\/\/progepe.ufpr.br\/portarias\/dd-2020-00742\/","title":{"rendered":"PORTARIA N\u00ba 00742\/DD, DE 30 DE DEZEMBRO DE 2020"},"content":{"rendered":"\n<p style=\"padding-left:43%\">O Diretor Disciplinar da Universidade Federal do Paran\u00e1,\u00a0no uso de suas atribui\u00e7\u00f5es, tendo em vista a compet\u00eancia que lhe \u00e9 conferida pela Portaria n\u00ba 593\/REITORIA, de 28 de agosto de 2017, o disposto nos artigos 143, 148, 149 e 152 da Lei n\u00ba 8.112, de 11 de dezembro de 1990, e o que consta no processo 23075.042291\/2020-97,<\/p>\n\n\n\n<p style=\"padding-left:43%\"><strong>RESOLVE:<\/strong><\/p>\n\n\n\n<p>Sobrestar o processo 23075.042291\/2020-97, de 4\u00a0de janeiro de 2021\u00a0at\u00e9 24\u00a0de janeiro de 2021, em fun\u00e7\u00e3o do gozo de f\u00e9rias dos membros da Comiss\u00e3o de Processo Administrativo Disciplinar, designada pela <a href=\"https:\/\/progepe.ufpr.br\/portarias\/dd-2020-00738\/\" data-type=\"post\" data-id=\"63655\">Portaria n\u00ba 738\/DD, de 21\u00a0de dezembro de 2020<\/a>.<\/p>\n","protected":false},"excerpt":{"rendered":"<p>Sobrestar o processo 23075.042291\/2020-97, de 4\u00a0de janeiro de 2021\u00a0at\u00e9 24\u00a0de janeiro de 2021, em fun\u00e7\u00e3o do gozo de f\u00e9rias dos membros da Comiss\u00e3o de Processo Administrativo Disciplinar, designada pela <a href=\"https:\/\/progepe.ufpr.br\/portarias\/dd-2020-00738\/\" data-type=\"post\" data-id=\"63655\">Portaria n\u00ba 738\/DD, de 21\u00a0de dezembro de 2020<\/a>.<\/p>\n","protected":false},"author":12,"featured_media":0,"comment_status":"closed","ping_status":"closed","sticky":false,"template":"","format":"standard","meta":{"_acf_changed":false,"iawp_total_views":1,"footnotes":""},"categories":[118],"tags":[132],"class_list":["post-64146","post","type-post","status-publish","format-standard","hentry","category-dd","tag-pad-sindicancia"],"acf":[],"_links":{"self":[{"href":"https:\/\/progepe.ufpr.br\/portarias\/wp-json\/wp\/v2\/posts\/64146","targetHints":{"allow":["GET"]}}],"collection":[{"href":"https:\/\/progepe.ufpr.br\/portarias\/wp-json\/wp\/v2\/posts"}],"about":[{"href":"https:\/\/progepe.ufpr.br\/portarias\/wp-json\/wp\/v2\/types\/post"}],"author":[{"embeddable":true,"href":"https:\/\/progepe.ufpr.br\/portarias\/wp-json\/wp\/v2\/users\/12"}],"replies":[{"embeddable":true,"href":"https:\/\/progepe.ufpr.br\/portarias\/wp-json\/wp\/v2\/comments?post=64146"}],"version-history":[{"count":3,"href":"https:\/\/progepe.ufpr.br\/portarias\/wp-json\/wp\/v2\/posts\/64146\/revisions"}],"predecessor-version":[{"id":257618,"href":"https:\/\/progepe.ufpr.br\/portarias\/wp-json\/wp\/v2\/posts\/64146\/revisions\/257618"}],"wp:attachment":[{"href":"https:\/\/progepe.ufpr.br\/portarias\/wp-json\/wp\/v2\/media?parent=64146"}],"wp:term":[{"taxonomy":"category","embeddable":true,"href":"https:\/\/progepe.ufpr.br\/portarias\/wp-json\/wp\/v2\/categories?post=64146"},{"taxonomy":"post_tag","embeddable":true,"href":"https:\/\/progepe.ufpr.br\/portarias\/wp-json\/wp\/v2\/tags?post=64146"}],"curies":[{"name":"wp","href":"https:\/\/api.w.org\/{rel}","templated":true}]}}