{"id":64163,"date":"2020-12-29T10:27:00","date_gmt":"2020-12-29T13:27:00","guid":{"rendered":"http:\/\/progepe.ufpr.br\/portal\/?post_type=portarias&#038;p=64163"},"modified":"2024-08-05T15:42:37","modified_gmt":"2024-08-05T18:42:37","slug":"progepe-2020-03708","status":"publish","type":"post","link":"https:\/\/progepe.ufpr.br\/portarias\/progepe-2020-03708\/","title":{"rendered":"PORTARIA N\u00ba 03708\/PROGEPE, DE 29 DE DEZEMBRO DE 2020"},"content":{"rendered":"\n<p style=\"padding-left:43%\">O Pr\u00f3-Reitor de Gest\u00e3o de Pessoas da Universidade Federal do Paran\u00e1, no uso de suas atribui\u00e7\u00f5es, tendo em vista a compet\u00eancia que lhe \u00e9 conferida pela Portaria n\u00ba 2.590, de 26 de setembro de 1997 e o contido no processo n\u00ba 23075.067795\/2020-10,<\/p>\n\n\n\n<p style=\"padding-left:43%\"><strong>RESOLVE:<\/strong><\/p>\n\n\n\n<p>Autorizar, a partir de 01 de dezembro de 2020, a movimenta\u00e7\u00e3o do servidor ELIAS NAOR SCHLOSSER &#8211; 1751463, ocupante do cargo Assistente em Administra\u00e7\u00e3o, para a Se\u00e7\u00e3o de Apoio \u00e0 P\u00f3s-Gradua\u00e7\u00e3o do Setor Palotina.<\/p>\n","protected":false},"excerpt":{"rendered":"<p>Autorizar, a partir de 01 de dezembro de 2020, a movimenta\u00e7\u00e3o do servidor ELIAS NAOR SCHLOSSER &#8211; 1751463, ocupante do cargo Assistente em Administra\u00e7\u00e3o, para a Se\u00e7\u00e3o de Apoio \u00e0 P\u00f3s-Gradua\u00e7\u00e3o do Setor Palotina.<\/p>\n","protected":false},"author":48,"featured_media":0,"comment_status":"closed","ping_status":"closed","sticky":false,"template":"","format":"standard","meta":{"_acf_changed":false,"iawp_total_views":1,"footnotes":""},"categories":[116],"tags":[135],"class_list":["post-64163","post","type-post","status-publish","format-standard","hentry","category-progepe","tag-remocao"],"acf":[],"_links":{"self":[{"href":"https:\/\/progepe.ufpr.br\/portarias\/wp-json\/wp\/v2\/posts\/64163","targetHints":{"allow":["GET"]}}],"collection":[{"href":"https:\/\/progepe.ufpr.br\/portarias\/wp-json\/wp\/v2\/posts"}],"about":[{"href":"https:\/\/progepe.ufpr.br\/portarias\/wp-json\/wp\/v2\/types\/post"}],"author":[{"embeddable":true,"href":"https:\/\/progepe.ufpr.br\/portarias\/wp-json\/wp\/v2\/users\/48"}],"replies":[{"embeddable":true,"href":"https:\/\/progepe.ufpr.br\/portarias\/wp-json\/wp\/v2\/comments?post=64163"}],"version-history":[{"count":3,"href":"https:\/\/progepe.ufpr.br\/portarias\/wp-json\/wp\/v2\/posts\/64163\/revisions"}],"predecessor-version":[{"id":256646,"href":"https:\/\/progepe.ufpr.br\/portarias\/wp-json\/wp\/v2\/posts\/64163\/revisions\/256646"}],"wp:attachment":[{"href":"https:\/\/progepe.ufpr.br\/portarias\/wp-json\/wp\/v2\/media?parent=64163"}],"wp:term":[{"taxonomy":"category","embeddable":true,"href":"https:\/\/progepe.ufpr.br\/portarias\/wp-json\/wp\/v2\/categories?post=64163"},{"taxonomy":"post_tag","embeddable":true,"href":"https:\/\/progepe.ufpr.br\/portarias\/wp-json\/wp\/v2\/tags?post=64163"}],"curies":[{"name":"wp","href":"https:\/\/api.w.org\/{rel}","templated":true}]}}