{"id":64196,"date":"2020-12-29T10:22:00","date_gmt":"2020-12-29T13:22:00","guid":{"rendered":"http:\/\/progepe.ufpr.br\/portal\/?post_type=portarias&#038;p=64196"},"modified":"2024-12-12T14:30:06","modified_gmt":"2024-12-12T17:30:06","slug":"progepe-2020-03703","status":"publish","type":"post","link":"https:\/\/progepe.ufpr.br\/portarias\/progepe-2020-03703\/","title":{"rendered":"PORTARIA N\u00ba 03703\/PROGEPE, DE 29 DE DEZEMBRO DE 2020"},"content":{"rendered":"\n<p><strong>O Pr\u00f3-Reitor de Gest\u00e3o de Pessoas da Universidade Federal do Paran\u00e1,<\/strong>  no uso de suas atribui\u00e7\u00f5es, tendo em vista a compet\u00eancia que lhe \u00e9  conferida pela Portaria n\u00ba 2.590, de 26 de setembro de 1997,  considerando o que consta na Resolu\u00e7\u00e3o n\u00ba 10\/2014-CEPE e ainda o que  consta no processo n\u00ba 23075.060356\/2020-86; <\/p>\n\n\n\n<p>RESOLVE:<\/p>\n\n\n\n<p> Conceder promo\u00e7\u00e3o funcional \u00e0 servidora VANIA APARECIDA VICENTE &#8211;  1187883, lotada no Departamento de Patologia B\u00e1sica do Setor de Ci\u00eancias  Biol\u00f3gicas, do n\u00edvel 7-01 da classe D \u2013 Associado para o n\u00edvel 8-01 da  classe E &#8211; Titular, conforme parecer da CPPD na avalia\u00e7\u00e3o de desempenho,  a partir de 30 de novembro de 2020.<\/p>\n","protected":false},"excerpt":{"rendered":"<p>Conceder promo\u00e7\u00e3o funcional \u00e0 servidora VANIA APARECIDA VICENTE &#8211; 1187883, lotada no Departamento de Patologia B\u00e1sica do Setor de Ci\u00eancias Biol\u00f3gicas, do n\u00edvel 7-01 da classe D \u2013 Associado para o n\u00edvel 8-01 da classe E &#8211; Titular, conforme parecer da CPPD na avalia\u00e7\u00e3o de desempenho, a partir de 30 de novembro de 2020.<\/p>\n","protected":false},"author":48,"featured_media":0,"comment_status":"closed","ping_status":"closed","sticky":false,"template":"","format":"standard","meta":{"_acf_changed":false,"iawp_total_views":0,"footnotes":""},"categories":[116],"tags":[143],"class_list":["post-64196","post","type-post","status-publish","format-standard","hentry","category-progepe","tag-progressao-promocao"],"acf":[],"_links":{"self":[{"href":"https:\/\/progepe.ufpr.br\/portarias\/wp-json\/wp\/v2\/posts\/64196","targetHints":{"allow":["GET"]}}],"collection":[{"href":"https:\/\/progepe.ufpr.br\/portarias\/wp-json\/wp\/v2\/posts"}],"about":[{"href":"https:\/\/progepe.ufpr.br\/portarias\/wp-json\/wp\/v2\/types\/post"}],"author":[{"embeddable":true,"href":"https:\/\/progepe.ufpr.br\/portarias\/wp-json\/wp\/v2\/users\/48"}],"replies":[{"embeddable":true,"href":"https:\/\/progepe.ufpr.br\/portarias\/wp-json\/wp\/v2\/comments?post=64196"}],"version-history":[{"count":2,"href":"https:\/\/progepe.ufpr.br\/portarias\/wp-json\/wp\/v2\/posts\/64196\/revisions"}],"predecessor-version":[{"id":258081,"href":"https:\/\/progepe.ufpr.br\/portarias\/wp-json\/wp\/v2\/posts\/64196\/revisions\/258081"}],"wp:attachment":[{"href":"https:\/\/progepe.ufpr.br\/portarias\/wp-json\/wp\/v2\/media?parent=64196"}],"wp:term":[{"taxonomy":"category","embeddable":true,"href":"https:\/\/progepe.ufpr.br\/portarias\/wp-json\/wp\/v2\/categories?post=64196"},{"taxonomy":"post_tag","embeddable":true,"href":"https:\/\/progepe.ufpr.br\/portarias\/wp-json\/wp\/v2\/tags?post=64196"}],"curies":[{"name":"wp","href":"https:\/\/api.w.org\/{rel}","templated":true}]}}