{"id":64285,"date":"2020-12-23T10:01:00","date_gmt":"2020-12-23T13:01:00","guid":{"rendered":"http:\/\/progepe.ufpr.br\/portal\/?post_type=portarias&#038;p=64285"},"modified":"2023-08-03T13:00:16","modified_gmt":"2023-08-03T16:00:16","slug":"progepe-2020-03650","status":"publish","type":"post","link":"https:\/\/progepe.ufpr.br\/portarias\/progepe-2020-03650\/","title":{"rendered":"PORTARIA N\u00ba 03650\/PROGEPE, DE 23 DE DEZEMBRO DE 2020"},"content":{"rendered":"\n<p><strong>O Pr\u00f3-Reitor de Gest\u00e3o de Pessoas da Universidade Federal do Paran\u00e1,<\/strong> no uso de\nsuas atribui\u00e7\u00f5es, tendo em vista a compet\u00eancia que lhe \u00e9 conferida pela\nPortaria n\u00ba 2.590, de 26 de\nsetembro de 1997 e considerando o que consta no processo n\u00ba 23075.081223\/2019-18,<\/p>\n\n\n\n<p>RESOLVE:<\/p>\n\n\n\n<p>Conceder aposentadoria\nvolunt\u00e1ria por tempo de contribui\u00e7\u00e3o, nos termos do Art. 3\u00ba da Emenda\nConstitucional n\u00ba 47\/2005, combinado com o Art. 3\u00ba da Emenda Constitucional n\u00ba\n103\/2019, \u00e0 servidora ELEUSIS RONCONI DE NAZARENO &#8211; 341226, lotada no Departamento de Sa\u00fade Coletiva do Setor de\nCi\u00eancias da Sa\u00fade, ocupante do cargo de Professora do Magist\u00e9rio Superior, classe\n8, n\u00edvel 801, no regime de 40 (quarenta) horas semanais com dedica\u00e7\u00e3o exclusiva,\ncom o vencimento do mencionado cargo, mais a gratifica\u00e7\u00e3o adicional por tempo\nde servi\u00e7o, prevista no Art. 67 da Lei n\u00b0 8.112\/90, no \u00edndice de 19% (dezenove\npor cento), calculada sobre o vencimento b\u00e1sico, mais a retribui\u00e7\u00e3o por titula\u00e7\u00e3o,\ninstitu\u00edda pela Lei n\u00b0 12.772\/2012, e a vantagem pessoal do Art. 62 da Lei n\u00b0\n8.112\/90, origin\u00e1ria da incorpora\u00e7\u00e3o nos termos do Art. 3\u00ba a 11\u00ba da Lei n\u00ba 8.911\/94,\nLei n\u00ba 9.527\/97 e Lei n\u00ba 9.624\/98, correspondente \u00e0s fra\u00e7\u00f5es de d\u00e9cimos,\nequivalente a 6\/10 (seis d\u00e9cimos), da fun\u00e7\u00e3o gratificada, c\u00f3digo FG-1.<\/p>\n\n\n\n<p style=\"text-align:right\">Douglas Ortiz Hamermuller<\/p>\n","protected":false},"excerpt":{"rendered":"<p>Conceder aposentadoria volunt\u00e1ria por tempo de contribui\u00e7\u00e3o, nos termos do Art. 3\u00ba da Emenda Constitucional n\u00ba 47\/2005, combinado com o Art. 3\u00ba da Emenda Constitucional n\u00ba 103\/2019, \u00e0 servidora ELEUSIS RONCONI DE NAZARENO &#8211; 341226, lotada no Departamento de Sa\u00fade Coletiva do Setor de Ci\u00eancias da Sa\u00fade, ocupante do cargo de Professora do Magist\u00e9rio Superior, classe 8, n\u00edvel 801, no regime de 40 (quarenta) horas semanais com dedica\u00e7\u00e3o exclusiva, com o vencimento do mencionado cargo, mais a gratifica\u00e7\u00e3o adicional por tempo de servi\u00e7o, prevista no Art. 67 da Lei n\u00b0 8.112\/90, no \u00edndice de 19% (dezenove por cento),<\/p>\n","protected":false},"author":49,"featured_media":0,"comment_status":"closed","ping_status":"closed","sticky":false,"template":"","format":"standard","meta":{"_acf_changed":false,"iawp_total_views":1,"footnotes":""},"categories":[116],"tags":[125],"class_list":["post-64285","post","type-post","status-publish","format-standard","hentry","category-progepe","tag-aposentadoria"],"acf":[],"_links":{"self":[{"href":"https:\/\/progepe.ufpr.br\/portarias\/wp-json\/wp\/v2\/posts\/64285","targetHints":{"allow":["GET"]}}],"collection":[{"href":"https:\/\/progepe.ufpr.br\/portarias\/wp-json\/wp\/v2\/posts"}],"about":[{"href":"https:\/\/progepe.ufpr.br\/portarias\/wp-json\/wp\/v2\/types\/post"}],"author":[{"embeddable":true,"href":"https:\/\/progepe.ufpr.br\/portarias\/wp-json\/wp\/v2\/users\/49"}],"replies":[{"embeddable":true,"href":"https:\/\/progepe.ufpr.br\/portarias\/wp-json\/wp\/v2\/comments?post=64285"}],"version-history":[{"count":1,"href":"https:\/\/progepe.ufpr.br\/portarias\/wp-json\/wp\/v2\/posts\/64285\/revisions"}],"predecessor-version":[{"id":196853,"href":"https:\/\/progepe.ufpr.br\/portarias\/wp-json\/wp\/v2\/posts\/64285\/revisions\/196853"}],"wp:attachment":[{"href":"https:\/\/progepe.ufpr.br\/portarias\/wp-json\/wp\/v2\/media?parent=64285"}],"wp:term":[{"taxonomy":"category","embeddable":true,"href":"https:\/\/progepe.ufpr.br\/portarias\/wp-json\/wp\/v2\/categories?post=64285"},{"taxonomy":"post_tag","embeddable":true,"href":"https:\/\/progepe.ufpr.br\/portarias\/wp-json\/wp\/v2\/tags?post=64285"}],"curies":[{"name":"wp","href":"https:\/\/api.w.org\/{rel}","templated":true}]}}