{"id":64288,"date":"2020-12-23T10:02:00","date_gmt":"2020-12-23T13:02:00","guid":{"rendered":"http:\/\/progepe.ufpr.br\/portal\/?post_type=portarias&#038;p=64288"},"modified":"2024-10-14T13:50:21","modified_gmt":"2024-10-14T16:50:21","slug":"progepe-2020-03651","status":"publish","type":"post","link":"https:\/\/progepe.ufpr.br\/portarias\/progepe-2020-03651\/","title":{"rendered":"PORTARIA N\u00ba 03651\/PROGEPE, DE 23 DE DEZEMBRO DE 2020"},"content":{"rendered":"\n<p style=\"padding-left:43%\">O Pr\u00f3-Reitor de Gest\u00e3o de Pessoas da Universidade Federal do Paran\u00e1, no uso de suas atribui\u00e7\u00f5es, tendo em vista a compet\u00eancia que lhe \u00e9 conferida pela Portaria n\u00ba 2.590, de 26 de setembro de 1997 e considerando o que consta no processo n\u00ba 23075.051908\/2020-65,<\/p>\n\n\n\n<p style=\"padding-left:43%\"><strong>RESOLVE:<\/strong><\/p>\n\n\n\n<p>Conceder aposentadoria volunt\u00e1ria por tempo de contribui\u00e7\u00e3o, nos termos do Art. 6\u00ba da Emenda Constitucional n\u00ba 41\/2003, combinado com o Art. 3\u00ba da Emenda Constitucional n\u00ba 103\/2019, \u00e0 servidora GISLENE DE FATIMA PEREIRA &#8211; 2228457, lotada no Departamento de Arquitetura e Urbanismo do Setor de Tecnologia, ocupante do cargo de Professora do Magist\u00e9rio Superior, classe 8, n\u00edvel 801, com Doutorado, no regime de 40 (quarenta) horas semanais com dedica\u00e7\u00e3o exclusiva, com o vencimento do mencionado cargo, mais a retribui\u00e7\u00e3o por titula\u00e7\u00e3o, institu\u00edda pela Lei n\u00ba 12.772\/2012.<\/p>\n","protected":false},"excerpt":{"rendered":"<p>Conceder aposentadoria volunt\u00e1ria por tempo de contribui\u00e7\u00e3o, nos termos do Art. 6\u00ba da Emenda Constitucional n\u00ba 41\/2003, combinado com o Art. 3\u00ba da Emenda Constitucional n\u00ba 103\/2019, \u00e0 servidora GISLENE DE FATIMA PEREIRA &#8211; 2228457, lotada no Departamento de Arquitetura e Urbanismo do Setor de Tecnologia, ocupante do cargo de Professora do Magist\u00e9rio Superior, classe 8, n\u00edvel 801, com Doutorado, no regime de 40 (quarenta) horas semanais com dedica\u00e7\u00e3o exclusiva, com o vencimento do mencionado cargo, mais a retribui\u00e7\u00e3o por titula\u00e7\u00e3o, institu\u00edda pela Lei n\u00ba 12.772\/2012.<\/p>\n","protected":false},"author":49,"featured_media":0,"comment_status":"closed","ping_status":"closed","sticky":false,"template":"","format":"standard","meta":{"_acf_changed":false,"iawp_total_views":0,"footnotes":""},"categories":[116],"tags":[125],"class_list":["post-64288","post","type-post","status-publish","format-standard","hentry","category-progepe","tag-aposentadoria"],"acf":[],"_links":{"self":[{"href":"https:\/\/progepe.ufpr.br\/portarias\/wp-json\/wp\/v2\/posts\/64288","targetHints":{"allow":["GET"]}}],"collection":[{"href":"https:\/\/progepe.ufpr.br\/portarias\/wp-json\/wp\/v2\/posts"}],"about":[{"href":"https:\/\/progepe.ufpr.br\/portarias\/wp-json\/wp\/v2\/types\/post"}],"author":[{"embeddable":true,"href":"https:\/\/progepe.ufpr.br\/portarias\/wp-json\/wp\/v2\/users\/49"}],"replies":[{"embeddable":true,"href":"https:\/\/progepe.ufpr.br\/portarias\/wp-json\/wp\/v2\/comments?post=64288"}],"version-history":[{"count":2,"href":"https:\/\/progepe.ufpr.br\/portarias\/wp-json\/wp\/v2\/posts\/64288\/revisions"}],"predecessor-version":[{"id":257789,"href":"https:\/\/progepe.ufpr.br\/portarias\/wp-json\/wp\/v2\/posts\/64288\/revisions\/257789"}],"wp:attachment":[{"href":"https:\/\/progepe.ufpr.br\/portarias\/wp-json\/wp\/v2\/media?parent=64288"}],"wp:term":[{"taxonomy":"category","embeddable":true,"href":"https:\/\/progepe.ufpr.br\/portarias\/wp-json\/wp\/v2\/categories?post=64288"},{"taxonomy":"post_tag","embeddable":true,"href":"https:\/\/progepe.ufpr.br\/portarias\/wp-json\/wp\/v2\/tags?post=64288"}],"curies":[{"name":"wp","href":"https:\/\/api.w.org\/{rel}","templated":true}]}}