{"id":64570,"date":"2020-12-30T10:14:00","date_gmt":"2020-12-30T13:14:00","guid":{"rendered":"http:\/\/progepe.ufpr.br\/portal\/?post_type=portarias&#038;p=64570"},"modified":"2023-08-03T13:00:25","modified_gmt":"2023-08-03T16:00:25","slug":"progepe-2020-03723","status":"publish","type":"post","link":"https:\/\/progepe.ufpr.br\/portarias\/progepe-2020-03723\/","title":{"rendered":"PORTARIA N\u00ba 03723\/PROGEPE, DE 30 DE DEZEMBRO DE 2020"},"content":{"rendered":"\n<p style=\"padding-left:42%\">O Pr\u00f3-Reitor de Gest\u00e3o de Pessoas da Universidade Federal do Paran\u00e1, no uso de suas atribui\u00e7\u00f5es, tendo em vista a compet\u00eancia que lhe \u00e9 conferida pela Portaria n\u00ba 2.590, de 26 de setembro de 1997 e considerando o que consta no processo n\u00ba 23075.024018\/2020-81,<\/p>\n\n\n\n<p style=\"padding-left:42%\"><strong>RESOLVE:<\/strong><\/p>\n\n\n\n<p>Alterar, tendo em vista o que consta no Art. 2\u00ba e 5\u00ba da Resolu\u00e7\u00e3o n\u00ba 92\/2014-CEPE; e, no Despacho n\u00ba 255\/2020-UFPR\/R\/PROPLAN\/CPCO, o regime de trabalho de 20 (vinte) horas semanais, para 40 (quarenta) horas semanais sem dedica\u00e7\u00e3o exclusiva, da servidora ANA PAULA SUSIN OSORIO &#8211; 1919140, ocupante do cargo de Professora do Magist\u00e9rio Superior, lotada no Campus Toledo, a partir de 30 de dezembro de 2020.<\/p>\n","protected":false},"excerpt":{"rendered":"<p>Alterar, tendo em vista o que consta no Art. 2\u00ba e 5\u00ba da Resolu\u00e7\u00e3o n\u00ba 92\/2014-CEPE; e, no Despacho n\u00ba 255\/2020-UFPR\/R\/PROPLAN\/CPCO, o regime de trabalho de 20 (vinte) horas semanais, para 40 (quarenta) horas semanais sem dedica\u00e7\u00e3o exclusiva, da servidora ANA PAULA SUSIN OSORIO &#8211; 1919140, ocupante do cargo de Professora do Magist\u00e9rio Superior, lotada no Campus Toledo, a partir de 30 de dezembro de 2020.<\/p>\n","protected":false},"author":49,"featured_media":0,"comment_status":"closed","ping_status":"closed","sticky":false,"template":"","format":"standard","meta":{"_acf_changed":false,"iawp_total_views":8,"footnotes":""},"categories":[116],"tags":[130],"class_list":["post-64570","post","type-post","status-publish","format-standard","hentry","category-progepe","tag-regime-trabalho"],"acf":[],"_links":{"self":[{"href":"https:\/\/progepe.ufpr.br\/portarias\/wp-json\/wp\/v2\/posts\/64570","targetHints":{"allow":["GET"]}}],"collection":[{"href":"https:\/\/progepe.ufpr.br\/portarias\/wp-json\/wp\/v2\/posts"}],"about":[{"href":"https:\/\/progepe.ufpr.br\/portarias\/wp-json\/wp\/v2\/types\/post"}],"author":[{"embeddable":true,"href":"https:\/\/progepe.ufpr.br\/portarias\/wp-json\/wp\/v2\/users\/49"}],"replies":[{"embeddable":true,"href":"https:\/\/progepe.ufpr.br\/portarias\/wp-json\/wp\/v2\/comments?post=64570"}],"version-history":[{"count":6,"href":"https:\/\/progepe.ufpr.br\/portarias\/wp-json\/wp\/v2\/posts\/64570\/revisions"}],"predecessor-version":[{"id":187240,"href":"https:\/\/progepe.ufpr.br\/portarias\/wp-json\/wp\/v2\/posts\/64570\/revisions\/187240"}],"wp:attachment":[{"href":"https:\/\/progepe.ufpr.br\/portarias\/wp-json\/wp\/v2\/media?parent=64570"}],"wp:term":[{"taxonomy":"category","embeddable":true,"href":"https:\/\/progepe.ufpr.br\/portarias\/wp-json\/wp\/v2\/categories?post=64570"},{"taxonomy":"post_tag","embeddable":true,"href":"https:\/\/progepe.ufpr.br\/portarias\/wp-json\/wp\/v2\/tags?post=64570"}],"curies":[{"name":"wp","href":"https:\/\/api.w.org\/{rel}","templated":true}]}}