{"id":64681,"date":"2020-12-29T10:00:00","date_gmt":"2020-12-29T13:00:00","guid":{"rendered":"http:\/\/progepe.ufpr.br\/portal\/?post_type=portarias&#038;p=64681"},"modified":"2024-05-24T14:36:30","modified_gmt":"2024-05-24T17:36:30","slug":"progepe-2020-03681","status":"publish","type":"post","link":"https:\/\/progepe.ufpr.br\/portarias\/progepe-2020-03681\/","title":{"rendered":"PORTARIA N\u00ba 03681\/PROGEPE, DE 29 DE DEZEMBRO DE 2020"},"content":{"rendered":"\n<p style=\"padding-left:42%\">O Pr\u00f3-Reitor de Gest\u00e3o de Pessoas da Universidade Federal do Paran\u00e1, no uso de suas atribui\u00e7\u00f5es, tendo em vista a compet\u00eancia que lhe \u00e9 conferida pela Portaria n\u00ba 2.590, de 26 de setembro de 1997; o que consta no Art. 87 da Lei n\u00ba 8.112\/90; Decreto n\u00ba 9.991 de 28 de agosto de 2019; e, o que consta no processo n\u00ba 23075.059262\/2020-64,<\/p>\n\n\n\n<p style=\"padding-left:42%\"><strong>RESOLVE:<\/strong><\/p>\n\n\n\n<p>Autorizar a licen\u00e7a para capacita\u00e7\u00e3o, referente ao per\u00edodo aquisitivo de 12\/11\/2014 a 10\/11\/2019, da servidora PRISCILLA TOPOROWICZ DIDIMO &#8211; 1736967, ocupante do cargo de Assistente em Administra\u00e7\u00e3o, lotada na Unidade de Normatiza\u00e7\u00e3o do Departamento de Administra\u00e7\u00e3o de Pessoal\/PROGEPE, com a finalidade de realizar na modalidade EaD o Curso de Direito Administrativo Aplicado \u00e0 Gest\u00e3o P\u00fablica do Centro de Ensino em Gest\u00e3o P\u00fablica &#8211; CEGESP, no per\u00edodo de 11 de janeiro de 2021 a 29 de janeiro de 2021.<\/p>\n\n\n\n<script>\nwindow.location.href='https:\/\/boletim.sigepe.gov.br\/publicacao\/detalhar\/50755';\n<\/script>\n","protected":false},"excerpt":{"rendered":"<p>Autorizar a licen\u00e7a para capacita\u00e7\u00e3o, referente ao per\u00edodo aquisitivo de 12\/11\/2014 a 10\/11\/2019, da servidora PRISCILLA TOPOROWICZ DIDIMO &#8211; 1736967, ocupante do cargo de Assistente em Administra\u00e7\u00e3o, lotada na Unidade de Normatiza\u00e7\u00e3o do Departamento de Administra\u00e7\u00e3o de Pessoal\/PROGEPE, com a finalidade de realizar na modalidade EaD o Curso de Direito Administrativo Aplicado \u00e0 Gest\u00e3o P\u00fablica do Centro de Ensino em Gest\u00e3o P\u00fablica &#8211; CEGESP, no per\u00edodo de 11 de janeiro de 2021 a 29 de janeiro de 2021.  <!-- wp:html <script> window.location.href='https:\/\/boletim.sigepe.gov.br\/publicacao\/detalhar\/50755'; <\/script> <!-- \/wp:html\n<\/p>\n","protected":false},"author":49,"featured_media":0,"comment_status":"closed","ping_status":"closed","sticky":false,"template":"","format":"standard","meta":{"_acf_changed":false,"iawp_total_views":0,"footnotes":""},"categories":[116],"tags":[123],"class_list":["post-64681","post","type-post","status-publish","format-standard","hentry","category-progepe","tag-afastamento-licenca"],"acf":[],"_links":{"self":[{"href":"https:\/\/progepe.ufpr.br\/portarias\/wp-json\/wp\/v2\/posts\/64681","targetHints":{"allow":["GET"]}}],"collection":[{"href":"https:\/\/progepe.ufpr.br\/portarias\/wp-json\/wp\/v2\/posts"}],"about":[{"href":"https:\/\/progepe.ufpr.br\/portarias\/wp-json\/wp\/v2\/types\/post"}],"author":[{"embeddable":true,"href":"https:\/\/progepe.ufpr.br\/portarias\/wp-json\/wp\/v2\/users\/49"}],"replies":[{"embeddable":true,"href":"https:\/\/progepe.ufpr.br\/portarias\/wp-json\/wp\/v2\/comments?post=64681"}],"version-history":[{"count":6,"href":"https:\/\/progepe.ufpr.br\/portarias\/wp-json\/wp\/v2\/posts\/64681\/revisions"}],"predecessor-version":[{"id":256022,"href":"https:\/\/progepe.ufpr.br\/portarias\/wp-json\/wp\/v2\/posts\/64681\/revisions\/256022"}],"wp:attachment":[{"href":"https:\/\/progepe.ufpr.br\/portarias\/wp-json\/wp\/v2\/media?parent=64681"}],"wp:term":[{"taxonomy":"category","embeddable":true,"href":"https:\/\/progepe.ufpr.br\/portarias\/wp-json\/wp\/v2\/categories?post=64681"},{"taxonomy":"post_tag","embeddable":true,"href":"https:\/\/progepe.ufpr.br\/portarias\/wp-json\/wp\/v2\/tags?post=64681"}],"curies":[{"name":"wp","href":"https:\/\/api.w.org\/{rel}","templated":true}]}}