{"id":64747,"date":"2021-01-11T20:01:00","date_gmt":"2021-01-11T23:01:00","guid":{"rendered":"http:\/\/progepe.ufpr.br\/portal\/?post_type=portarias&#038;p=64747"},"modified":"2024-09-04T16:12:09","modified_gmt":"2024-09-04T19:12:09","slug":"dd-2021-00748","status":"publish","type":"post","link":"https:\/\/progepe.ufpr.br\/portarias\/dd-2021-00748\/","title":{"rendered":"PORTARIA N\u00ba 00748\/DD, DE 11 DE JANEIRO DE 2021"},"content":{"rendered":"\n<p style=\"padding-left:43%\">O Diretor Disciplinar da Universidade Federal do Paran\u00e1, em exerc\u00edcio, no uso de suas atribui\u00e7\u00f5es, tendo em vista a compet\u00eancia que lhe \u00e9 conferida pela Portaria n\u00ba 593\/REITORIA, de 28 de agosto de 2017, o disposto nos artigos 143, 148, 149, 152 e 168 da Lei n\u00ba 8.112, de 11 de dezembro de 1990, e o que consta no Processo 23075.040777\/2018-76,<\/p>\n\n\n\n<p style=\"padding-left:43%\"><strong>RESOLVE:<\/strong><\/p>\n\n\n\n<p>Designar os servidores JOS\u00c9 EDERALDO QUEIROZ TELLES &#8211; 6341963, Professor do Magist\u00e9rio Superior, lotado no Departamento de Patologia M\u00e9dica do Setor de Ci\u00eancias da Sa\u00fade; TOBIAS BERNWARD BLENINGER &#8211; 2730317, Professor do Magist\u00e9rio Superior, lotado no Departamento de Engenharia Ambiental do Setor de Tecnologia; e LUIZ ARILTON VIEIRA &#8211; 1649320, Psic\u00f3logo, lotado no Centro de Aten\u00e7\u00e3o \u00e0 Sa\u00fade 4 da Pr\u00f3-Reitoria de Gest\u00e3o de Pessoas, para, sob a presid\u00eancia do primeiro, constitu\u00edrem Comiss\u00e3o de Processo Administrativo Disciplinar destinada a dar continuidade, no prazo de 60 (sessenta) dias, aos trabalhos de apura\u00e7\u00e3o dos fatos de que trata o Processo 23075.036128\/2019-51 e relacionados, com aproveitamento das provas produzidas, bem como proceder ao exame dos atos e fatos conexos que emergirem no decorrer dos trabalhos.<\/p>\n","protected":false},"excerpt":{"rendered":"<p>Designar os servidores JOS\u00c9 EDERALDO QUEIROZ TELLES &#8211; 6341963, Professor do Magist\u00e9rio Superior, lotado no Departamento de Patologia M\u00e9dica do Setor de Ci\u00eancias da Sa\u00fade; TOBIAS BERNWARD BLENINGER &#8211; 2730317, Professor do Magist\u00e9rio Superior, lotado no Departamento de Engenharia Ambiental do Setor de Tecnologia; e LUIZ ARILTON VIEIRA &#8211; 1649320, Psic\u00f3logo, lotado no Centro de Aten\u00e7\u00e3o \u00e0 Sa\u00fade 4 da Pr\u00f3-Reitoria de Gest\u00e3o de Pessoas, para, sob a presid\u00eancia do primeiro, constitu\u00edrem Comiss\u00e3o de Processo Administrativo Disciplinar destinada a dar continuidade, no prazo de 60 (sessenta) dias, aos trabalhos de apura\u00e7\u00e3o dos fatos de que trata o Processo<\/p>\n","protected":false},"author":11,"featured_media":0,"comment_status":"closed","ping_status":"closed","sticky":false,"template":"","format":"standard","meta":{"_acf_changed":false,"iawp_total_views":1,"footnotes":""},"categories":[118],"tags":[132],"class_list":["post-64747","post","type-post","status-publish","format-standard","hentry","category-dd","tag-pad-sindicancia"],"acf":[],"_links":{"self":[{"href":"https:\/\/progepe.ufpr.br\/portarias\/wp-json\/wp\/v2\/posts\/64747","targetHints":{"allow":["GET"]}}],"collection":[{"href":"https:\/\/progepe.ufpr.br\/portarias\/wp-json\/wp\/v2\/posts"}],"about":[{"href":"https:\/\/progepe.ufpr.br\/portarias\/wp-json\/wp\/v2\/types\/post"}],"author":[{"embeddable":true,"href":"https:\/\/progepe.ufpr.br\/portarias\/wp-json\/wp\/v2\/users\/11"}],"replies":[{"embeddable":true,"href":"https:\/\/progepe.ufpr.br\/portarias\/wp-json\/wp\/v2\/comments?post=64747"}],"version-history":[{"count":3,"href":"https:\/\/progepe.ufpr.br\/portarias\/wp-json\/wp\/v2\/posts\/64747\/revisions"}],"predecessor-version":[{"id":257173,"href":"https:\/\/progepe.ufpr.br\/portarias\/wp-json\/wp\/v2\/posts\/64747\/revisions\/257173"}],"wp:attachment":[{"href":"https:\/\/progepe.ufpr.br\/portarias\/wp-json\/wp\/v2\/media?parent=64747"}],"wp:term":[{"taxonomy":"category","embeddable":true,"href":"https:\/\/progepe.ufpr.br\/portarias\/wp-json\/wp\/v2\/categories?post=64747"},{"taxonomy":"post_tag","embeddable":true,"href":"https:\/\/progepe.ufpr.br\/portarias\/wp-json\/wp\/v2\/tags?post=64747"}],"curies":[{"name":"wp","href":"https:\/\/api.w.org\/{rel}","templated":true}]}}