{"id":64750,"date":"2021-01-11T20:02:00","date_gmt":"2021-01-11T23:02:00","guid":{"rendered":"http:\/\/progepe.ufpr.br\/portal\/?post_type=portarias&#038;p=64750"},"modified":"2023-09-26T16:55:15","modified_gmt":"2023-09-26T19:55:15","slug":"dd-2021-00749","status":"publish","type":"post","link":"https:\/\/progepe.ufpr.br\/portarias\/dd-2021-00749\/","title":{"rendered":"PORTARIA N\u00ba 00749\/DD, DE 11 DE JANEIRO DE 2021"},"content":{"rendered":"\n<p><strong>O Diretor Disciplinar da Universidade Federal do Paran\u00e1, <\/strong>no uso de suas atribui\u00e7\u00f5es, tendo em vista a compet\u00eancia que lhe \u00e9 conferida pela Portaria n\u00ba 593\/REITORIA, de 28 de agosto de 2017, o disposto nos artigos 143 da Lei n\u00ba 8.112, de 11 de dezembro de 1990, nos artigos 19, 20 e 21 da Instru\u00e7\u00e3o Normativa CGU n\u00ba 14, de 14 de novembro de 2018 e o que consta no Processo 23075.068651\/2020-81, &nbsp;<\/p>\n\n\n\n<p>RESOLVE:<\/p>\n\n\n\n<p>Sobrestar o Processo 23075.068651\/2020-81, de 11\u00a0de janeiro de 2021\u00a0at\u00e9 29\u00a0de janeiro de 2021, em fun\u00e7\u00e3o do gozo de f\u00e9rias de membro da Comiss\u00e3o de Sindic\u00e2ncia Investigativa, designada pela Portaria n\u00ba 733\/DD, de 15\u00a0de dezembro de 2020.<\/p>\n","protected":false},"excerpt":{"rendered":"<p>Sobrestar o Processo 23075.068651\/2020-81, de 11\u00a0de janeiro de 2021\u00a0at\u00e9 29\u00a0de janeiro de 2021, em fun\u00e7\u00e3o do gozo de f\u00e9rias de membro da Comiss\u00e3o de Sindic\u00e2ncia Investigativa, designada pela Portaria n\u00ba 733\/DD, de 15\u00a0de dezembro de 2020.<\/p>\n","protected":false},"author":13,"featured_media":0,"comment_status":"closed","ping_status":"open","sticky":false,"template":"","format":"standard","meta":{"_acf_changed":false,"iawp_total_views":6,"footnotes":""},"categories":[118],"tags":[132],"class_list":["post-64750","post","type-post","status-publish","format-standard","hentry","category-dd","tag-pad-sindicancia"],"acf":[],"_links":{"self":[{"href":"https:\/\/progepe.ufpr.br\/portarias\/wp-json\/wp\/v2\/posts\/64750","targetHints":{"allow":["GET"]}}],"collection":[{"href":"https:\/\/progepe.ufpr.br\/portarias\/wp-json\/wp\/v2\/posts"}],"about":[{"href":"https:\/\/progepe.ufpr.br\/portarias\/wp-json\/wp\/v2\/types\/post"}],"author":[{"embeddable":true,"href":"https:\/\/progepe.ufpr.br\/portarias\/wp-json\/wp\/v2\/users\/13"}],"replies":[{"embeddable":true,"href":"https:\/\/progepe.ufpr.br\/portarias\/wp-json\/wp\/v2\/comments?post=64750"}],"version-history":[{"count":3,"href":"https:\/\/progepe.ufpr.br\/portarias\/wp-json\/wp\/v2\/posts\/64750\/revisions"}],"predecessor-version":[{"id":125038,"href":"https:\/\/progepe.ufpr.br\/portarias\/wp-json\/wp\/v2\/posts\/64750\/revisions\/125038"}],"wp:attachment":[{"href":"https:\/\/progepe.ufpr.br\/portarias\/wp-json\/wp\/v2\/media?parent=64750"}],"wp:term":[{"taxonomy":"category","embeddable":true,"href":"https:\/\/progepe.ufpr.br\/portarias\/wp-json\/wp\/v2\/categories?post=64750"},{"taxonomy":"post_tag","embeddable":true,"href":"https:\/\/progepe.ufpr.br\/portarias\/wp-json\/wp\/v2\/tags?post=64750"}],"curies":[{"name":"wp","href":"https:\/\/api.w.org\/{rel}","templated":true}]}}