{"id":64758,"date":"2021-01-12T20:00:00","date_gmt":"2021-01-12T23:00:00","guid":{"rendered":"http:\/\/progepe.ufpr.br\/portal\/?post_type=portarias&#038;p=64758"},"modified":"2023-08-03T11:03:22","modified_gmt":"2023-08-03T14:03:22","slug":"dd-2021-00750","status":"publish","type":"post","link":"https:\/\/progepe.ufpr.br\/portarias\/dd-2021-00750\/","title":{"rendered":"PORTARIA N\u00ba 00750\/DD, DE 12 DE JANEIRO DE 2021"},"content":{"rendered":"\n<p><strong>O Diretor Disciplinar da Universidade Federal do Paran\u00e1, em exerc\u00edcio,&nbsp;<\/strong>no uso de suas atribui\u00e7\u00f5es, tendo em vista a compet\u00eancia que lhe \u00e9 conferida pela Portaria n\u00ba 593\/REITORIA, de 28 de agosto de 2017, o disposto nos artigos 143, 148, 149, 152 e 168 da Lei n\u00ba 8.112, de 11 de dezembro de 1990, e o que consta no Processo 23075.036128\/2019-51,\n\n<\/p>\n\n\n\n<p>RESOLVE:<\/p>\n\n\n\n<p>Substituir o&nbsp;servidor LUIZ ARILTON VIEIRA \u2014 1649320, Psic\u00f3logo, lotado no Centro de Aten\u00e7\u00e3o \u00e0 Sa\u00fade 4 da Pr\u00f3-Reitoria de Gest\u00e3o de Pessoas, pela servidora CATIA BUTURE SAMPAIO&nbsp;\u2013 1905897, Assistente Social, lotada na Se\u00e7\u00e3o de Apoio T\u00e9cnico da Diretoria Disciplinar, como membro &nbsp;da Comiss\u00e3o de Processo Administrativo Disciplinar, designada pela Portaria 748\/DD, de 11 de janeiro de 2021.<\/p>\n\n\n\n<p style=\"text-align:right\">JEAN CARLOS DE OLIVEIRA<\/p>\n\n\n\n<p style=\"text-align:right\">Diretor Disciplinar, em exerc\u00edcio<\/p>\n","protected":false},"excerpt":{"rendered":"<p>Substituir o&nbsp;servidor LUIZ ARILTON VIEIRA \u2014 1649320, Psic\u00f3logo, lotado no Centro de Aten\u00e7\u00e3o \u00e0 Sa\u00fade 4 da Pr\u00f3-Reitoria de Gest\u00e3o de Pessoas, pela servidora CATIA BUTURE SAMPAIO&nbsp;\u2013 1905897, Assistente Social, lotada na Se\u00e7\u00e3o de Apoio T\u00e9cnico da Diretoria Disciplinar, como membro &nbsp;da Comiss\u00e3o de Processo Administrativo Disciplinar, designada pela Portaria 748\/DD, de 11 de janeiro de 2021.  <!-- wp:paragraph {\"align\":\"right\"} \n\n<p style=\"text-align:right\">JEAN CARLOS DE OLIVEIRA  <!-- wp:paragraph {\"align\":\"right\"} \n\n<p style=\"text-align:right\">Diretor Disciplinar, em exerc\u00edcio\n<\/p>\n","protected":false},"author":12,"featured_media":0,"comment_status":"closed","ping_status":"closed","sticky":false,"template":"","format":"standard","meta":{"_acf_changed":false,"iawp_total_views":1,"footnotes":""},"categories":[118],"tags":[132],"class_list":["post-64758","post","type-post","status-publish","format-standard","hentry","category-dd","tag-pad-sindicancia"],"acf":[],"_links":{"self":[{"href":"https:\/\/progepe.ufpr.br\/portarias\/wp-json\/wp\/v2\/posts\/64758","targetHints":{"allow":["GET"]}}],"collection":[{"href":"https:\/\/progepe.ufpr.br\/portarias\/wp-json\/wp\/v2\/posts"}],"about":[{"href":"https:\/\/progepe.ufpr.br\/portarias\/wp-json\/wp\/v2\/types\/post"}],"author":[{"embeddable":true,"href":"https:\/\/progepe.ufpr.br\/portarias\/wp-json\/wp\/v2\/users\/12"}],"replies":[{"embeddable":true,"href":"https:\/\/progepe.ufpr.br\/portarias\/wp-json\/wp\/v2\/comments?post=64758"}],"version-history":[{"count":2,"href":"https:\/\/progepe.ufpr.br\/portarias\/wp-json\/wp\/v2\/posts\/64758\/revisions"}],"predecessor-version":[{"id":196875,"href":"https:\/\/progepe.ufpr.br\/portarias\/wp-json\/wp\/v2\/posts\/64758\/revisions\/196875"}],"wp:attachment":[{"href":"https:\/\/progepe.ufpr.br\/portarias\/wp-json\/wp\/v2\/media?parent=64758"}],"wp:term":[{"taxonomy":"category","embeddable":true,"href":"https:\/\/progepe.ufpr.br\/portarias\/wp-json\/wp\/v2\/categories?post=64758"},{"taxonomy":"post_tag","embeddable":true,"href":"https:\/\/progepe.ufpr.br\/portarias\/wp-json\/wp\/v2\/tags?post=64758"}],"curies":[{"name":"wp","href":"https:\/\/api.w.org\/{rel}","templated":true}]}}