{"id":64763,"date":"2021-01-13T20:00:00","date_gmt":"2021-01-13T23:00:00","guid":{"rendered":"http:\/\/progepe.ufpr.br\/portal\/?post_type=portarias&#038;p=64763"},"modified":"2023-08-03T11:03:22","modified_gmt":"2023-08-03T14:03:22","slug":"dd-2021-00751","status":"publish","type":"post","link":"https:\/\/progepe.ufpr.br\/portarias\/dd-2021-00751\/","title":{"rendered":"PORTARIA N\u00ba 00751\/DD, DE 13 DE JANEIRO DE 2021"},"content":{"rendered":"\n<p><strong>O&nbsp;Diretor Disciplinar&nbsp;da Universidade Federal&nbsp;do Paran\u00e1,&nbsp;em exerc\u00edcio,&nbsp;<\/strong>no uso de suas atribui\u00e7\u00f5es,&nbsp;tendo em vista a compet\u00eancia que lhe \u00e9&nbsp;conferida pela&nbsp;Portaria n\u00ba&nbsp;593\/REITORIA,&nbsp;de&nbsp;28&nbsp;de&nbsp;agosto&nbsp;de&nbsp;2017,&nbsp;o disposto nos artigos 143, 148, 149 e 152 da Lei n\u00ba 8.112, de 11 de dezembro de 1990, e o que consta no&nbsp;Processo&nbsp;23075.018300\/2019-95,&nbsp;\n\n<\/p>\n\n\n\n<p>RESOLVE:<\/p>\n\n\n\n<p>Prorrogar por 60\u202f(sessenta) dias, a contar de&nbsp;15\u202fde&nbsp;janeiro&nbsp;de 2021, o prazo para conclus\u00e3o dos trabalhos da Comiss\u00e3o de Processo Administrativo Disciplinar\u202fde que trata a Portaria n\u00ba&nbsp;716\/DD, de&nbsp;16\u202fde&nbsp;novembro&nbsp;de 2020.<\/p>\n\n\n\n<p style=\"text-align:right\">JEAN CARLOS DE OLIVEIRA<\/p>\n\n\n\n<p style=\"text-align:right\">Diretor Disciplinar, em exerc\u00edcio<\/p>\n","protected":false},"excerpt":{"rendered":"<p>Prorrogar por 60\u202f(sessenta) dias, a contar de&nbsp;15\u202fde&nbsp;janeiro&nbsp;de 2021, o prazo para conclus\u00e3o dos trabalhos da Comiss\u00e3o de Processo Administrativo Disciplinar\u202fde que trata a Portaria n\u00ba&nbsp;716\/DD, de&nbsp;16\u202fde&nbsp;novembro&nbsp;de 2020.  <!-- wp:paragraph {\"align\":\"right\"} \n\n<p style=\"text-align:right\">JEAN CARLOS DE OLIVEIRA  <!-- wp:paragraph {\"align\":\"right\"} \n\n<p style=\"text-align:right\">Diretor Disciplinar, em exerc\u00edcio\n<\/p>\n","protected":false},"author":12,"featured_media":0,"comment_status":"closed","ping_status":"closed","sticky":false,"template":"","format":"standard","meta":{"_acf_changed":false,"iawp_total_views":1,"footnotes":""},"categories":[118],"tags":[132],"class_list":["post-64763","post","type-post","status-publish","format-standard","hentry","category-dd","tag-pad-sindicancia"],"acf":[],"_links":{"self":[{"href":"https:\/\/progepe.ufpr.br\/portarias\/wp-json\/wp\/v2\/posts\/64763","targetHints":{"allow":["GET"]}}],"collection":[{"href":"https:\/\/progepe.ufpr.br\/portarias\/wp-json\/wp\/v2\/posts"}],"about":[{"href":"https:\/\/progepe.ufpr.br\/portarias\/wp-json\/wp\/v2\/types\/post"}],"author":[{"embeddable":true,"href":"https:\/\/progepe.ufpr.br\/portarias\/wp-json\/wp\/v2\/users\/12"}],"replies":[{"embeddable":true,"href":"https:\/\/progepe.ufpr.br\/portarias\/wp-json\/wp\/v2\/comments?post=64763"}],"version-history":[{"count":2,"href":"https:\/\/progepe.ufpr.br\/portarias\/wp-json\/wp\/v2\/posts\/64763\/revisions"}],"predecessor-version":[{"id":196876,"href":"https:\/\/progepe.ufpr.br\/portarias\/wp-json\/wp\/v2\/posts\/64763\/revisions\/196876"}],"wp:attachment":[{"href":"https:\/\/progepe.ufpr.br\/portarias\/wp-json\/wp\/v2\/media?parent=64763"}],"wp:term":[{"taxonomy":"category","embeddable":true,"href":"https:\/\/progepe.ufpr.br\/portarias\/wp-json\/wp\/v2\/categories?post=64763"},{"taxonomy":"post_tag","embeddable":true,"href":"https:\/\/progepe.ufpr.br\/portarias\/wp-json\/wp\/v2\/tags?post=64763"}],"curies":[{"name":"wp","href":"https:\/\/api.w.org\/{rel}","templated":true}]}}