{"id":64797,"date":"2021-01-19T20:00:00","date_gmt":"2021-01-19T23:00:00","guid":{"rendered":"http:\/\/progepe.ufpr.br\/portal\/?post_type=portarias&#038;p=64797"},"modified":"2023-07-31T16:15:33","modified_gmt":"2023-07-31T19:15:33","slug":"dd-2021-00753","status":"publish","type":"post","link":"https:\/\/progepe.ufpr.br\/portarias\/dd-2021-00753\/","title":{"rendered":"PORTARIA N\u00ba 00753\/DD, DE 19 DE JANEIRO DE 2021"},"content":{"rendered":"\n<p> O Diretor Disciplinar da Universidade Federal do Paran\u00e1, no uso de suas atribui\u00e7\u00f5es, tendo em vista a compet\u00eancia que lhe \u00e9 conferida pela Portaria n\u00ba 593\/REITORIA, de 28 de agosto de 2017, o disposto nos artigos 143, 148, 149 e 152 da Lei n\u00ba 8.112, de 11 de dezembro de 1990, e o que consta no Processo 23075.068178\/2019-06, <\/p>\n\n\n\n<p> RESOLVE: <\/p>\n\n\n\n<p> Sobrestar o Processo 23075.068178\/2019-06, do dia 19 de janeiro de 2021 at\u00e9 o dia 31 de janeiro de 2021, em raz\u00e3o do adiamento das oitivas para o m\u00eas de fevereiro de 2021, ap\u00f3s solicita\u00e7\u00e3o realizada pelo acusado e acatada pela Comiss\u00e3o de Processo Administrativo Disciplinar, designada pela Portaria n\u00ba 720\/DD, de 23 de novembro de 2020. <\/p>\n\n\n\n<p class=\"has-text-align-center\">MANOEL ROBERTO SILVA DE SOUZA<\/p>\n\n\n\n<p class=\"has-text-align-center\">Diretor Disciplinar<\/p>\n","protected":false},"excerpt":{"rendered":"<p>O Diretor Disciplinar da Universidade Federal do Paran\u00e1, no uso de suas atribui\u00e7\u00f5es, tendo em vista a compet\u00eancia que lhe \u00e9 conferida pela Portaria n\u00ba 593\/REITORIA, de 28 de agosto de 2017, o disposto nos artigos 143, 148, 149 e 152 da Lei n\u00ba 8.112, de 11 de dezembro de 1990, e o que consta [&hellip;]<\/p>\n","protected":false},"author":13,"featured_media":0,"comment_status":"closed","ping_status":"closed","sticky":false,"template":"","format":"standard","meta":{"_acf_changed":false,"iawp_total_views":3,"footnotes":""},"categories":[118],"tags":[132],"class_list":["post-64797","post","type-post","status-publish","format-standard","hentry","category-dd","tag-pad-sindicancia"],"acf":[],"_links":{"self":[{"href":"https:\/\/progepe.ufpr.br\/portarias\/wp-json\/wp\/v2\/posts\/64797","targetHints":{"allow":["GET"]}}],"collection":[{"href":"https:\/\/progepe.ufpr.br\/portarias\/wp-json\/wp\/v2\/posts"}],"about":[{"href":"https:\/\/progepe.ufpr.br\/portarias\/wp-json\/wp\/v2\/types\/post"}],"author":[{"embeddable":true,"href":"https:\/\/progepe.ufpr.br\/portarias\/wp-json\/wp\/v2\/users\/13"}],"replies":[{"embeddable":true,"href":"https:\/\/progepe.ufpr.br\/portarias\/wp-json\/wp\/v2\/comments?post=64797"}],"version-history":[{"count":2,"href":"https:\/\/progepe.ufpr.br\/portarias\/wp-json\/wp\/v2\/posts\/64797\/revisions"}],"predecessor-version":[{"id":196880,"href":"https:\/\/progepe.ufpr.br\/portarias\/wp-json\/wp\/v2\/posts\/64797\/revisions\/196880"}],"wp:attachment":[{"href":"https:\/\/progepe.ufpr.br\/portarias\/wp-json\/wp\/v2\/media?parent=64797"}],"wp:term":[{"taxonomy":"category","embeddable":true,"href":"https:\/\/progepe.ufpr.br\/portarias\/wp-json\/wp\/v2\/categories?post=64797"},{"taxonomy":"post_tag","embeddable":true,"href":"https:\/\/progepe.ufpr.br\/portarias\/wp-json\/wp\/v2\/tags?post=64797"}],"curies":[{"name":"wp","href":"https:\/\/api.w.org\/{rel}","templated":true}]}}