{"id":64933,"date":"2021-02-01T20:00:00","date_gmt":"2021-02-01T23:00:00","guid":{"rendered":"http:\/\/progepe.ufpr.br\/portal\/?post_type=portarias&#038;p=64933"},"modified":"2024-08-20T14:02:30","modified_gmt":"2024-08-20T17:02:30","slug":"dd-2021-00759","status":"publish","type":"post","link":"https:\/\/progepe.ufpr.br\/portarias\/dd-2021-00759\/","title":{"rendered":"PORTARIA N\u00ba 00759\/DD, DE 01 DE FEVEREIRO DE 2021"},"content":{"rendered":"\n<p style=\"padding-left:43%\">O Diretor Disciplinar da Universidade Federal do Paran\u00e1, no uso de suas atribui\u00e7\u00f5es, tendo em vista a compet\u00eancia que lhe \u00e9 conferida pela Portaria n\u00ba 593\/REITORIA, de 28 de agosto de 2017, o disposto nos artigos 143, 148, 149 e 152 da Lei n\u00ba 8.112, de 11 de dezembro de 1990, no artigo 55 da Lei 9.784 de 29 de janeiro de 1999 e o que consta no processo 23075.701605\/2019-61,<\/p>\n\n\n\n<p style=\"padding-left:43%\"><strong>RESOLVE:<\/strong><\/p>\n\n\n\n<p>I. Designar os servidores GRAZIELA LUCCHESI ROSA DA SILVA &#8211; 1620718, Professora do Magist\u00e9rio Superior, lotada no Departamento de Psicologia do Setor de Ci\u00eancias Humanas; FABIO LUIS MAURICIO DE MIRANDA &#8211; 2069504, Assistente em Administra\u00e7\u00e3o, lotado na Se\u00e7\u00e3o de Apoio T\u00e9cnico da Diretoria Disciplinar; e ANDREA MARA BRANCO MANETTI &#8211; 1047600, Assistente em Administra\u00e7\u00e3o, lotada no Setor de Ci\u00eancias Humanas, para, sob a presid\u00eancia da primeira, constitu\u00edrem Comiss\u00e3o de Processo Administrativo Disciplinar destinada a dar continuidade, no prazo de 60 (sessenta) dias, aos trabalhos de apura\u00e7\u00e3o dos fatos de que trata o processo 23075.701605\/2019-61, com o aproveitamento de todos os atos praticados e provas colhidas, bem como proceder ao exame dos fatos conexos que emergirem no decorrer dos trabalhos.<\/p>\n","protected":false},"excerpt":{"rendered":"<p>I. Designar os servidores GRAZIELA LUCCHESI ROSA DA SILVA &#8211; 1620718, Professora do Magist\u00e9rio Superior, lotada no Departamento de Psicologia do Setor de Ci\u00eancias Humanas; FABIO LUIS MAURICIO DE MIRANDA &#8211; 2069504, Assistente em Administra\u00e7\u00e3o, lotado na Se\u00e7\u00e3o de Apoio T\u00e9cnico da Diretoria Disciplinar; e ANDREA MARA BRANCO MANETTI &#8211; 1047600, Assistente em Administra\u00e7\u00e3o, lotada no Setor de Ci\u00eancias Humanas, para, sob a presid\u00eancia da primeira, constitu\u00edrem Comiss\u00e3o de Processo Administrativo Disciplinar destinada a dar continuidade, no prazo de 60 (sessenta) dias, aos trabalhos de apura\u00e7\u00e3o dos fatos de que trata o processo 23075.701605\/2019-61, com o aproveitamento de<\/p>\n","protected":false},"author":13,"featured_media":0,"comment_status":"closed","ping_status":"closed","sticky":false,"template":"","format":"standard","meta":{"_acf_changed":false,"iawp_total_views":4,"footnotes":""},"categories":[118],"tags":[132],"class_list":["post-64933","post","type-post","status-publish","format-standard","hentry","category-dd","tag-pad-sindicancia"],"acf":[],"_links":{"self":[{"href":"https:\/\/progepe.ufpr.br\/portarias\/wp-json\/wp\/v2\/posts\/64933","targetHints":{"allow":["GET"]}}],"collection":[{"href":"https:\/\/progepe.ufpr.br\/portarias\/wp-json\/wp\/v2\/posts"}],"about":[{"href":"https:\/\/progepe.ufpr.br\/portarias\/wp-json\/wp\/v2\/types\/post"}],"author":[{"embeddable":true,"href":"https:\/\/progepe.ufpr.br\/portarias\/wp-json\/wp\/v2\/users\/13"}],"replies":[{"embeddable":true,"href":"https:\/\/progepe.ufpr.br\/portarias\/wp-json\/wp\/v2\/comments?post=64933"}],"version-history":[{"count":3,"href":"https:\/\/progepe.ufpr.br\/portarias\/wp-json\/wp\/v2\/posts\/64933\/revisions"}],"predecessor-version":[{"id":257120,"href":"https:\/\/progepe.ufpr.br\/portarias\/wp-json\/wp\/v2\/posts\/64933\/revisions\/257120"}],"wp:attachment":[{"href":"https:\/\/progepe.ufpr.br\/portarias\/wp-json\/wp\/v2\/media?parent=64933"}],"wp:term":[{"taxonomy":"category","embeddable":true,"href":"https:\/\/progepe.ufpr.br\/portarias\/wp-json\/wp\/v2\/categories?post=64933"},{"taxonomy":"post_tag","embeddable":true,"href":"https:\/\/progepe.ufpr.br\/portarias\/wp-json\/wp\/v2\/tags?post=64933"}],"curies":[{"name":"wp","href":"https:\/\/api.w.org\/{rel}","templated":true}]}}