{"id":64939,"date":"2021-02-01T20:01:00","date_gmt":"2021-02-01T23:01:00","guid":{"rendered":"http:\/\/progepe.ufpr.br\/portal\/?post_type=portarias&#038;p=64939"},"modified":"2023-09-22T16:54:30","modified_gmt":"2023-09-22T19:54:30","slug":"dd-2021-00760","status":"publish","type":"post","link":"https:\/\/progepe.ufpr.br\/portarias\/dd-2021-00760\/","title":{"rendered":"PORTARIA N\u00ba 00760\/DD, DE 01 DE FEVEREIRO DE 2021"},"content":{"rendered":"\n<p><strong>O Diretor Disciplinar da Universidade Federal do Paran\u00e1, <\/strong>no uso de suas atribui\u00e7\u00f5es, tendo em vista a compet\u00eancia que lhe \u00e9 conferida pela Portaria n\u00ba 593\/REITORIA, de 28 de agosto de 2017, o disposto nos artigos 191 e 192 do Regimento Geral da Universidade Federal do Paran\u00e1, e o que consta no Processo 23075.069983\/2020-82,<\/p>\n\n\n\n<p>RESOLVE:<\/p>\n\n\n\n<p>Designar o servidor MARCOS SILVA DA SILVEIRA \u2014 1314143, Professor do Magist\u00e9rio Superior, lotado no Departamento de Antropologia do Setor de Ci\u00eancias Humanas; a servidora GABRIELLA WOLMANN ALVAREZ \u2014 3162018, Administradora, lotada na Se\u00e7\u00e3o de Apoio T\u00e9cnico da Diretoria Disciplinar; e a estudante ANNA ROBERTA DA MOTTA CABRAL MUFFONE \u2014 \u275a\u275a\u275a.\u275a\u275a\u275a.\u275a\u275a\u275a-\u275a\u275a, acad\u00eamica do Curso de Mestrado do Programa de P\u00f3s-Gradua\u00e7\u00e3o em Alimenta\u00e7\u00e3o e Nutri\u00e7\u00e3o do Setor de Ci\u00eancias da Sa\u00fade, para, sob a presid\u00eancia do primeiro, constitu\u00edrem Comiss\u00e3o Disciplinar destinada a dar continuidade, no prazo de 30 (trinta) dias, aos trabalhos de apura\u00e7\u00e3o dos fatos de que trata o Processo 23075.069983\/2020-82, com o aproveitamento de todos os atos praticados e provas colhidas at\u00e9 o momento, bem como proceder ao exame dos atos e fatos conexos que emergirem no decorrer dos trabalhos.<\/p>\n","protected":false},"excerpt":{"rendered":"<p>Designar o servidor MARCOS SILVA DA SILVEIRA \u2014 1314143, Professor do Magist\u00e9rio Superior, lotado no Departamento de Antropologia do Setor de Ci\u00eancias Humanas; a servidora GABRIELLA WOLMANN ALVAREZ \u2014 3162018, Administradora, lotada na Se\u00e7\u00e3o de Apoio T\u00e9cnico da Diretoria Disciplinar; e a estudante ANNA ROBERTA DA MOTTA CABRAL MUFFONE \u2014 \u275a\u275a\u275a.\u275a\u275a\u275a.\u275a\u275a\u275a-\u275a\u275a, acad\u00eamica do Curso de Mestrado do Programa de P\u00f3s-Gradua\u00e7\u00e3o em Alimenta\u00e7\u00e3o e Nutri\u00e7\u00e3o do Setor de Ci\u00eancias da Sa\u00fade, para, sob a presid\u00eancia do primeiro, constitu\u00edrem Comiss\u00e3o Disciplinar destinada a dar continuidade, no prazo de 30 (trinta) dias, aos trabalhos de apura\u00e7\u00e3o dos fatos de que trata<\/p>\n","protected":false},"author":13,"featured_media":0,"comment_status":"closed","ping_status":"closed","sticky":false,"template":"","format":"standard","meta":{"_acf_changed":false,"iawp_total_views":7,"footnotes":""},"categories":[118],"tags":[132],"class_list":["post-64939","post","type-post","status-publish","format-standard","hentry","category-dd","tag-pad-sindicancia"],"acf":[],"_links":{"self":[{"href":"https:\/\/progepe.ufpr.br\/portarias\/wp-json\/wp\/v2\/posts\/64939","targetHints":{"allow":["GET"]}}],"collection":[{"href":"https:\/\/progepe.ufpr.br\/portarias\/wp-json\/wp\/v2\/posts"}],"about":[{"href":"https:\/\/progepe.ufpr.br\/portarias\/wp-json\/wp\/v2\/types\/post"}],"author":[{"embeddable":true,"href":"https:\/\/progepe.ufpr.br\/portarias\/wp-json\/wp\/v2\/users\/13"}],"replies":[{"embeddable":true,"href":"https:\/\/progepe.ufpr.br\/portarias\/wp-json\/wp\/v2\/comments?post=64939"}],"version-history":[{"count":3,"href":"https:\/\/progepe.ufpr.br\/portarias\/wp-json\/wp\/v2\/posts\/64939\/revisions"}],"predecessor-version":[{"id":251999,"href":"https:\/\/progepe.ufpr.br\/portarias\/wp-json\/wp\/v2\/posts\/64939\/revisions\/251999"}],"wp:attachment":[{"href":"https:\/\/progepe.ufpr.br\/portarias\/wp-json\/wp\/v2\/media?parent=64939"}],"wp:term":[{"taxonomy":"category","embeddable":true,"href":"https:\/\/progepe.ufpr.br\/portarias\/wp-json\/wp\/v2\/categories?post=64939"},{"taxonomy":"post_tag","embeddable":true,"href":"https:\/\/progepe.ufpr.br\/portarias\/wp-json\/wp\/v2\/tags?post=64939"}],"curies":[{"name":"wp","href":"https:\/\/api.w.org\/{rel}","templated":true}]}}