{"id":65062,"date":"2021-02-09T20:00:00","date_gmt":"2021-02-09T23:00:00","guid":{"rendered":"http:\/\/progepe.ufpr.br\/portal\/?post_type=portarias&#038;p=65062"},"modified":"2024-04-29T15:24:43","modified_gmt":"2024-04-29T18:24:43","slug":"dd-2021-00766","status":"publish","type":"post","link":"https:\/\/progepe.ufpr.br\/portarias\/dd-2021-00766\/","title":{"rendered":"PORTARIA N\u00ba 00766\/DD, DE 09 DE FEVEREIRO DE 2021"},"content":{"rendered":"\n<p style=\"padding-left:43%\">O\u00a0Diretor Disciplinar da Universidade Federal do Paran\u00e1,\u00a0no uso de suas atribui\u00e7\u00f5es, tendo em vista a compet\u00eancia que lhe \u00e9 conferida pela Portaria n\u00ba 593\/REITORIA, de 28 de agosto de 2017, o disposto nos artigos 143, 148 e 164 da Lei n\u00ba 8.112, de 11 de dezembro de 1990, e o que consta no Processo 23075.031358\/2020-68,<\/p>\n\n\n\n<p style=\"padding-left:43%\"><strong>RESOLVE:<\/strong><\/p>\n\n\n\n<p>Designar a servidora FABIANA MASSAKO NAKATANI &#8211; 1909456, Assistente em Administra\u00e7\u00e3o, lotada no Departamento de Administra\u00e7\u00e3o Geral e Aplicada do Setor de Ci\u00eancias Sociais, para, sem preju\u00edzo de suas demais atribui\u00e7\u00f5es, exercer o cargo de defensora dativa da servidora Silvana Ferrari &#8211; 1211886, Auxiliar de Enfermagem, lotada no lotada no Complexo do Hospital de Cl\u00ednicas da Universidade Federal do Paran\u00e1, no Processo Administrativo Disciplinar sob o rito sum\u00e1rio, instaurado no bojo do Processo 23075.031358\/2020-68, devendo apresentar defesa escrita no prazo de 5 (cinco) dias, a contar de 9 de fevereiro de 2021.<\/p>\n","protected":false},"excerpt":{"rendered":"<p>Designar a servidora FABIANA MASSAKO NAKATANI &#8211; 1909456, Assistente em Administra\u00e7\u00e3o, lotada no Departamento de Administra\u00e7\u00e3o Geral e Aplicada do Setor de Ci\u00eancias Sociais, para, sem preju\u00edzo de suas demais atribui\u00e7\u00f5es, exercer o cargo de defensora dativa da servidora Silvana Ferrari &#8211; 1211886, Auxiliar de Enfermagem, lotada no lotada no Complexo do Hospital de Cl\u00ednicas da Universidade Federal do Paran\u00e1, no Processo Administrativo Disciplinar sob o rito sum\u00e1rio, instaurado no bojo do Processo 23075.031358\/2020-68, devendo apresentar defesa escrita no prazo de 5 (cinco) dias, a contar de 9 de fevereiro de 2021.<\/p>\n","protected":false},"author":12,"featured_media":0,"comment_status":"closed","ping_status":"closed","sticky":false,"template":"","format":"standard","meta":{"_acf_changed":false,"iawp_total_views":13,"footnotes":""},"categories":[118],"tags":[132],"class_list":["post-65062","post","type-post","status-publish","format-standard","hentry","category-dd","tag-pad-sindicancia"],"acf":[],"_links":{"self":[{"href":"https:\/\/progepe.ufpr.br\/portarias\/wp-json\/wp\/v2\/posts\/65062","targetHints":{"allow":["GET"]}}],"collection":[{"href":"https:\/\/progepe.ufpr.br\/portarias\/wp-json\/wp\/v2\/posts"}],"about":[{"href":"https:\/\/progepe.ufpr.br\/portarias\/wp-json\/wp\/v2\/types\/post"}],"author":[{"embeddable":true,"href":"https:\/\/progepe.ufpr.br\/portarias\/wp-json\/wp\/v2\/users\/12"}],"replies":[{"embeddable":true,"href":"https:\/\/progepe.ufpr.br\/portarias\/wp-json\/wp\/v2\/comments?post=65062"}],"version-history":[{"count":4,"href":"https:\/\/progepe.ufpr.br\/portarias\/wp-json\/wp\/v2\/posts\/65062\/revisions"}],"predecessor-version":[{"id":255683,"href":"https:\/\/progepe.ufpr.br\/portarias\/wp-json\/wp\/v2\/posts\/65062\/revisions\/255683"}],"wp:attachment":[{"href":"https:\/\/progepe.ufpr.br\/portarias\/wp-json\/wp\/v2\/media?parent=65062"}],"wp:term":[{"taxonomy":"category","embeddable":true,"href":"https:\/\/progepe.ufpr.br\/portarias\/wp-json\/wp\/v2\/categories?post=65062"},{"taxonomy":"post_tag","embeddable":true,"href":"https:\/\/progepe.ufpr.br\/portarias\/wp-json\/wp\/v2\/tags?post=65062"}],"curies":[{"name":"wp","href":"https:\/\/api.w.org\/{rel}","templated":true}]}}