{"id":68655,"date":"2019-04-10T20:01:00","date_gmt":"2019-04-10T23:01:00","guid":{"rendered":"http:\/\/progepe.ufpr.br\/portarias\/portaria-no-327-dd-de-10-de-abril-de-2019\/"},"modified":"2023-07-31T16:15:35","modified_gmt":"2023-07-31T19:15:35","slug":"dd-2019-00327","status":"publish","type":"post","link":"https:\/\/progepe.ufpr.br\/portarias\/dd-2019-00327\/","title":{"rendered":"PORTARIA N\u00ba 00327\/DD, DE 10 DE ABRIL DE 2019"},"content":{"rendered":"\n<p>O Diretor Disciplinar da Universidade Federal do Paran\u00e1, no uso de suas atribui\u00e7\u00f5es, tendo em vista a compet\u00eancia que lhe \u00e9 conferida pela Portaria n\u00ba 593\/REITORIA, de 28 de agosto de 2017, o disposto no ar go 18 da Resolu\u00e7\u00e3o n\u00ba 002\/00, do Conselho de Planejamento e Administra\u00e7\u00e3o da Universidade Federal do Paran\u00e1, e o que consta no processo n\u00ba 23075.005866\/2019-57,<\/p>\n\n\n<p><strong>RESOLVE:<\/strong><\/p>\n\n\n<p>Designar os servidores MANOEL ROBERTO SILVA DE SOUZA \u2014 1325366, CATIA BUTURE SAMPAIO \u2014  1905897, e LAIS ALVES MAGALH\u00c3ES \u2014  2969003, para compor Comiss\u00e3o de Avalia\u00e7\u00e3o de Desempenho em Est\u00e1gio Probat\u00f3rio, respons\u00e1vel por realizar a primeira etapa de avalia\u00e7\u00e3o de desempenho em est\u00e1gio probat\u00f3rio do servidor PHARNEY DE SOUZA FERREIRA \u2014 3052575, ocupante do cargo de Administrador, lotado na Diretoria Disciplinar da Universidade Federal do Paran\u00e1.<\/p><p><\/p>\n\n\n<div style=\"height:15px\" aria-hidden=\"true\" class=\"wp-block-spacer\"><\/div>\n\n\n<div class=\"wp-block-buttons is-content-justification-right is-layout-flex wp-container-core-buttons-is-layout-1 wp-block-buttons-is-layout-flex\">\n<div class=\"wp-block-button has-custom-font-size is-style-outline has-small-font-size is-style-outline--1\"><a class=\"wp-block-button__link\" href=\"https:\/\/progepe.ufpr.br\/portarias\/wp-content\/uploads\/pcp\/DD\/2019\/327_DD - Est\u00e1gio Probat\u00f3rio.pdf\" style=\"border-radius:0px\" target=\"_blank\" rel=\"noreferrer noopener\">Acesse o arquivo da portaria<\/a><\/div><\/div>\n","protected":false},"excerpt":{"rendered":"<p>Designar os servidores MANOEL ROBERTO SILVA DE SOUZA \u2014 1325366, CATIA BUTURE SAMPAIO \u2014 1905897, e LAIS ALVES MAGALH\u00c3ES \u2014 2969003, para compor Comiss\u00e3o de Avalia\u00e7\u00e3o de Desempenho em Est\u00e1gio Probat\u00f3rio, respons\u00e1vel por realizar a primeira etapa de avalia\u00e7\u00e3o de desempenho em est\u00e1gio probat\u00f3rio do servidor PHARNEY DE SOUZA FERREIRA \u2014 3052575, ocupante do cargo de Administrador, lotado na Diretoria Disciplinar da Universidade Federal do Paran\u00e1.  {&#8220;height&#8221;:&#8221;15px&#8221;} <\/p>\n<div style=\"height:15px\" aria-hidden=\"true\" class=\"wp-block-spacer\"> <!-- \/wp:spacer  {\"layout\":{\"type\":\"flex\",\"justifyContent\":\"right\"}} \n\n<div class=\"wp-block-buttons\"><!-- wp:button {\"style\":{\"border\":{\"radius\":\"0px\"}},\"className\":\"is-style-outline\",\"fontSize\":\"small\"} \n\n<div class=\"wp-block-button has-custom-font-size is-style-outline has-small-font-size\"><a class=\"wp-block-button__link\" href=\"https:\/\/progepe.ufpr.br\/portarias\/wp-content\/uploads\/pcp\/DD\/2019\/327_DD - Est\u00e1gio Probat\u00f3rio.pdf\" style=\"border-radius:0px\" target=\"_blank\n<\/p>\n","protected":false},"author":41,"featured_media":0,"comment_status":"closed","ping_status":"open","sticky":false,"template":"","format":"standard","meta":{"_acf_changed":false,"iawp_total_views":0,"footnotes":""},"categories":[118],"tags":[119],"class_list":["post-68655","post","type-post","status-publish","format-standard","hentry","category-dd","tag-diversos"],"acf":[],"_links":{"self":[{"href":"https:\/\/progepe.ufpr.br\/portarias\/wp-json\/wp\/v2\/posts\/68655","targetHints":{"allow":["GET"]}}],"collection":[{"href":"https:\/\/progepe.ufpr.br\/portarias\/wp-json\/wp\/v2\/posts"}],"about":[{"href":"https:\/\/progepe.ufpr.br\/portarias\/wp-json\/wp\/v2\/types\/post"}],"author":[{"embeddable":true,"href":"https:\/\/progepe.ufpr.br\/portarias\/wp-json\/wp\/v2\/users\/41"}],"replies":[{"embeddable":true,"href":"https:\/\/progepe.ufpr.br\/portarias\/wp-json\/wp\/v2\/comments?post=68655"}],"version-history":[{"count":2,"href":"https:\/\/progepe.ufpr.br\/portarias\/wp-json\/wp\/v2\/posts\/68655\/revisions"}],"predecessor-version":[{"id":125043,"href":"https:\/\/progepe.ufpr.br\/portarias\/wp-json\/wp\/v2\/posts\/68655\/revisions\/125043"}],"wp:attachment":[{"href":"https:\/\/progepe.ufpr.br\/portarias\/wp-json\/wp\/v2\/media?parent=68655"}],"wp:term":[{"taxonomy":"category","embeddable":true,"href":"https:\/\/progepe.ufpr.br\/portarias\/wp-json\/wp\/v2\/categories?post=68655"},{"taxonomy":"post_tag","embeddable":true,"href":"https:\/\/progepe.ufpr.br\/portarias\/wp-json\/wp\/v2\/tags?post=68655"}],"curies":[{"name":"wp","href":"https:\/\/api.w.org\/{rel}","templated":true}]}}