{"id":68768,"date":"2019-05-03T20:01:00","date_gmt":"2019-05-03T23:01:00","guid":{"rendered":"http:\/\/progepe.ufpr.br\/portarias\/portaria-no-353-dd-de-03-de-maio-de-2019\/"},"modified":"2023-07-31T16:15:41","modified_gmt":"2023-07-31T19:15:41","slug":"dd-2019-00353","status":"publish","type":"post","link":"https:\/\/progepe.ufpr.br\/portarias\/dd-2019-00353\/","title":{"rendered":"PORTARIA N\u00ba 00353\/DD, DE 03 DE MAIO DE 2019"},"content":{"rendered":"\n<p>O Diretor Disciplinar da Universidade Federal do Paran\u00e1, no uso de suas atribui\u00e7\u00f5es, tendo em vista a compet\u00eancia que lhe \u00e9 conferida pela Portaria n\u00ba 593\/REITORIA, de 28 de agosto de 2017, o disposto nos ar gos 143, 148, 149 e 152 da Lei n\u00ba 8.112, de 11 de dezembro de 1990, e o que consta no Processo 23075.022108\/2014-99,<\/p>\n\n\n<p><strong>RESOLVE:<\/strong><\/p>\n\n\n<p>I. Subs tuir o servidor PEDRO LUIS FAGGION \u2014 6341703, Professor do Magist\u00e9rio Superior, lotado no Departamento de Geom\u00e1 ca do Setor de Ci\u00eancias da Terra, pelo servidor ANGELO JOS\u00c9 DA SILVA \u2014 0344172, Professor do Magist\u00e9rio Superior, lotado no Departamento de Sociologia do Setor de Ci\u00eancias Humanas, como membro da Comiss\u00e3o de Processo Administra vo Disciplinar designada pela Portaria n\u00ba 323\/DD, de 5 de abril de 2019.<\/p><p> II. Designar a servidora MARTA MARGARETE CESTARI \u2014 0343832, Professora do Magist\u00e9rio Superior, lotada no Departamento de Gen\u00e9 ca do Setor de Ci\u00eancias Biol\u00f3gicas, para atuar como Presidente da referida Comiss\u00e3o.<\/p><p><\/p>\n\n\n<div style=\"height:15px\" aria-hidden=\"true\" class=\"wp-block-spacer\"><\/div>\n\n\n<div class=\"wp-block-buttons is-content-justification-right is-layout-flex wp-container-core-buttons-is-layout-1 wp-block-buttons-is-layout-flex\">\n<div class=\"wp-block-button has-custom-font-size is-style-outline has-small-font-size is-style-outline--1\"><a class=\"wp-block-button__link\" href=\"https:\/\/progepe.ufpr.br\/portarias\/wp-content\/uploads\/pcp\/DD\/2019\/353_DD - Substitui\u00e7\u00e3o CPAD.pdf\" style=\"border-radius:0px\" target=\"_blank\" rel=\"noreferrer noopener\">Acesse o arquivo da portaria<\/a><\/div><\/div>\n","protected":false},"excerpt":{"rendered":"<p>I. Subs tuir o servidor PEDRO LUIS FAGGION \u2014 6341703, Professor do Magist\u00e9rio Superior, lotado no Departamento de Geom\u00e1 ca do Setor de Ci\u00eancias da Terra, pelo servidor ANGELO JOS\u00c9 DA SILVA \u2014 0344172, Professor do Magist\u00e9rio Superior, lotado no Departamento de Sociologia do Setor de Ci\u00eancias Humanas, como membro da Comiss\u00e3o de Processo Administra vo Disciplinar designada pela Portaria n\u00ba 323\/DD, de 5 de abril de 2019. II. Designar a servidora MARTA MARGARETE CESTARI \u2014 0343832, Professora do Magist\u00e9rio Superior, lotada no Departamento de Gen\u00e9 ca do Setor de Ci\u00eancias Biol\u00f3gicas, para atuar como Presidente da referida<\/p>\n","protected":false},"author":41,"featured_media":0,"comment_status":"closed","ping_status":"open","sticky":false,"template":"","format":"standard","meta":{"_acf_changed":false,"iawp_total_views":0,"footnotes":""},"categories":[118],"tags":[132],"class_list":["post-68768","post","type-post","status-publish","format-standard","hentry","category-dd","tag-pad-sindicancia"],"acf":[],"_links":{"self":[{"href":"https:\/\/progepe.ufpr.br\/portarias\/wp-json\/wp\/v2\/posts\/68768","targetHints":{"allow":["GET"]}}],"collection":[{"href":"https:\/\/progepe.ufpr.br\/portarias\/wp-json\/wp\/v2\/posts"}],"about":[{"href":"https:\/\/progepe.ufpr.br\/portarias\/wp-json\/wp\/v2\/types\/post"}],"author":[{"embeddable":true,"href":"https:\/\/progepe.ufpr.br\/portarias\/wp-json\/wp\/v2\/users\/41"}],"replies":[{"embeddable":true,"href":"https:\/\/progepe.ufpr.br\/portarias\/wp-json\/wp\/v2\/comments?post=68768"}],"version-history":[{"count":2,"href":"https:\/\/progepe.ufpr.br\/portarias\/wp-json\/wp\/v2\/posts\/68768\/revisions"}],"predecessor-version":[{"id":125156,"href":"https:\/\/progepe.ufpr.br\/portarias\/wp-json\/wp\/v2\/posts\/68768\/revisions\/125156"}],"wp:attachment":[{"href":"https:\/\/progepe.ufpr.br\/portarias\/wp-json\/wp\/v2\/media?parent=68768"}],"wp:term":[{"taxonomy":"category","embeddable":true,"href":"https:\/\/progepe.ufpr.br\/portarias\/wp-json\/wp\/v2\/categories?post=68768"},{"taxonomy":"post_tag","embeddable":true,"href":"https:\/\/progepe.ufpr.br\/portarias\/wp-json\/wp\/v2\/tags?post=68768"}],"curies":[{"name":"wp","href":"https:\/\/api.w.org\/{rel}","templated":true}]}}