{"id":68786,"date":"2019-06-03T20:00:00","date_gmt":"2019-06-03T23:00:00","guid":{"rendered":"http:\/\/progepe.ufpr.br\/portarias\/portaria-no-381-dd-de-03-de-junho-de-2019\/"},"modified":"2023-07-31T16:15:42","modified_gmt":"2023-07-31T19:15:42","slug":"dd-2019-00381","status":"publish","type":"post","link":"https:\/\/progepe.ufpr.br\/portarias\/dd-2019-00381\/","title":{"rendered":"PORTARIA N\u00ba 00381\/DD, DE 03 DE JUNHO DE 2019"},"content":{"rendered":"\n<p>O Diretor Disciplinar da Universidade Federal do Paran\u00e1, no uso de suas atribui\u00e7\u00f5es, tendo em vista a compet\u00eancia que lhe \u00e9 conferida pela Portaria n\u00ba 593\/REITORIA, de 28 de agosto de 2017, o disposto no ar go 143 da Lei n\u00ba 8.112, de 11 de dezembro de 1990, nos ar gos 19, 20 e 21 da Instru\u00e7\u00e3o Norma va CGU n\u00ba 14, de 14 de novembro de 2018, e o que consta no Processo 23075.022210\/2019-07,<\/p>\n\n\n<p><strong>RESOLVE:<\/strong><\/p>\n\n\n<p>Designar os servidores MARCO AUR\u00c9LIO SERAU JUNIOR \u2014 1387556, Professor do Magist\u00e9rio Superior, lotado no Departamento de Direito Privado do Setor de Ci\u00eancias Jur\u00eddicas; e MARCELLE BEATRIZ CORTIANO NAGAKURA \u2014 1307857, Assistente em Administra\u00e7\u00e3o, lotada no Gabinete da Dire\u00e7\u00e3o do Setor de Artes, Comunica\u00e7\u00e3o e Design, para, sob a presid\u00eancia do primeiro, cons tu\u00edrem Comiss\u00e3o de Sindic\u00e2ncia Inves ga va, com vistas a dar con nuidade, no prazo de 60 (sessenta) dias, aos trabalhos de apura\u00e7\u00e3o dos fatos de que trata o Processo 23075.016084\/2018-62, iniciados pela Comiss\u00e3o designada pela Portaria n\u00ba 321\/DD, de 3 de abril de 2019, alterada pela Portaria n\u00ba 334\/DD, de 18 de abril de 2019, e pela Portaria n\u00ba 356\/DD, de 6 de maio de 2019, com aproveitamento de todos os atos pra cados e provas colhidas at\u00e9 o presente momento, bem como proceder ao exame dos atos e fatos conexos que emergirem no decorrer dos trabalhos.<\/p><p><\/p>\n\n\n<div style=\"height:15px\" aria-hidden=\"true\" class=\"wp-block-spacer\"><\/div>\n\n\n<div class=\"wp-block-buttons is-content-justification-right is-layout-flex wp-container-core-buttons-is-layout-1 wp-block-buttons-is-layout-flex\">\n<div class=\"wp-block-button has-custom-font-size is-style-outline has-small-font-size is-style-outline--1\"><a class=\"wp-block-button__link\" href=\"https:\/\/progepe.ufpr.br\/portarias\/wp-content\/uploads\/pcp\/DD\/2019\/381_DD - Recondu\u00e7\u00e3o CSI.pdf\" style=\"border-radius:0px\" target=\"_blank\" rel=\"noreferrer noopener\">Acesse o arquivo da portaria<\/a><\/div><\/div>\n","protected":false},"excerpt":{"rendered":"<p>Designar os servidores MARCO AUR\u00c9LIO SERAU JUNIOR \u2014 1387556, Professor do Magist\u00e9rio Superior, lotado no Departamento de Direito Privado do Setor de Ci\u00eancias Jur\u00eddicas; e MARCELLE BEATRIZ CORTIANO NAGAKURA \u2014 1307857, Assistente em Administra\u00e7\u00e3o, lotada no Gabinete da Dire\u00e7\u00e3o do Setor de Artes, Comunica\u00e7\u00e3o e Design, para, sob a presid\u00eancia do primeiro, cons tu\u00edrem Comiss\u00e3o de Sindic\u00e2ncia Inves ga va, com vistas a dar con nuidade, no prazo de 60 (sessenta) dias, aos trabalhos de apura\u00e7\u00e3o dos fatos de que trata o Processo 23075.016084\/2018-62, iniciados pela Comiss\u00e3o designada pela Portaria n\u00ba 321\/DD, de 3 de abril de 2019,<\/p>\n","protected":false},"author":41,"featured_media":0,"comment_status":"closed","ping_status":"open","sticky":false,"template":"","format":"standard","meta":{"_acf_changed":false,"iawp_total_views":1,"footnotes":""},"categories":[118],"tags":[132],"class_list":["post-68786","post","type-post","status-publish","format-standard","hentry","category-dd","tag-pad-sindicancia"],"acf":[],"_links":{"self":[{"href":"https:\/\/progepe.ufpr.br\/portarias\/wp-json\/wp\/v2\/posts\/68786","targetHints":{"allow":["GET"]}}],"collection":[{"href":"https:\/\/progepe.ufpr.br\/portarias\/wp-json\/wp\/v2\/posts"}],"about":[{"href":"https:\/\/progepe.ufpr.br\/portarias\/wp-json\/wp\/v2\/types\/post"}],"author":[{"embeddable":true,"href":"https:\/\/progepe.ufpr.br\/portarias\/wp-json\/wp\/v2\/users\/41"}],"replies":[{"embeddable":true,"href":"https:\/\/progepe.ufpr.br\/portarias\/wp-json\/wp\/v2\/comments?post=68786"}],"version-history":[{"count":1,"href":"https:\/\/progepe.ufpr.br\/portarias\/wp-json\/wp\/v2\/posts\/68786\/revisions"}],"predecessor-version":[{"id":125174,"href":"https:\/\/progepe.ufpr.br\/portarias\/wp-json\/wp\/v2\/posts\/68786\/revisions\/125174"}],"wp:attachment":[{"href":"https:\/\/progepe.ufpr.br\/portarias\/wp-json\/wp\/v2\/media?parent=68786"}],"wp:term":[{"taxonomy":"category","embeddable":true,"href":"https:\/\/progepe.ufpr.br\/portarias\/wp-json\/wp\/v2\/categories?post=68786"},{"taxonomy":"post_tag","embeddable":true,"href":"https:\/\/progepe.ufpr.br\/portarias\/wp-json\/wp\/v2\/tags?post=68786"}],"curies":[{"name":"wp","href":"https:\/\/api.w.org\/{rel}","templated":true}]}}