{"id":68791,"date":"2019-06-05T20:00:00","date_gmt":"2019-06-05T23:00:00","guid":{"rendered":"http:\/\/progepe.ufpr.br\/portarias\/portaria-no-387-dd-de-05-de-junho-de-2019\/"},"modified":"2023-07-31T16:15:43","modified_gmt":"2023-07-31T19:15:43","slug":"dd-2019-00387","status":"publish","type":"post","link":"https:\/\/progepe.ufpr.br\/portarias\/dd-2019-00387\/","title":{"rendered":"PORTARIA N\u00ba 00387\/DD, DE 05 DE JUNHO DE 2019"},"content":{"rendered":"\n<p>O Diretor Disciplinar da Universidade Federal do Paran\u00e1, no uso de suas atribui\u00e7\u00f5es, tendo em vista a compet\u00eancia que lhe \u00e9 conferida pela Portaria n\u00ba 593\/REITORIA, de 28 de agosto de 2017, o disposto nos ar gos 143, 147, 148, 149 e 152 da Lei n\u00ba 8.112, de 11 de dezembro de 1990, e o que consta no Processo 23075.038609\/2019-00,<\/p>\n\n\n<p><strong>RESOLVE:<\/strong><\/p>\n\n\n<p>I. Designar os servidores PAULO C\u00c9SAR OKIMOTO \u2014 0342881, Professor do Magist\u00e9rio Superior, lotado no Departamento de Engenharia Mec\u00e2nica do Setor de Tecnologia; ELISA FERNANDES FRANCISCO MARQUES \u2014 2046733, Administradora, lotada na Unidade de Hematologia, Hemoterapia e Oncologia do Hospital de Cl\u00ednicas; e PEDRO BENEDITO KOZESCHEN DOS SANTOS \u2014 2455767, Assistente em Administra\u00e7\u00e3o, lotado na Coordena\u00e7\u00e3o do Curso de Filosofia do Setor de Ci\u00eancias Humanas, para, sob a presid\u00eancia do primeiro, cons tu\u00edrem Comiss\u00e3o de Processo Administra vo Disciplinar des nada a apurar, no prazo de 60 (sessenta) dias, os fatos de que trata o Processo 23075.038609\/2019-00, bem como proceder ao exame dos atos e fatos conexos que emergirem no decorrer dos trabalhos.<\/p><p> II. Determinar o afastamento preven vo do servidor MARCIO LUIS PENKAL \u2014 1826950, Engenheiro, lotado na Unidade de Projetos da Superintend\u00eancia de Infraestrutura, do exerc\u00edcio do respec vo cargo p\u00fablico, ficando proibido de comparecer ao campus Centro Polit\u00e9cnico, pelo prazo de 60 (sessenta) dias, sem preju\u00edzo da remunera\u00e7\u00e3o, a fim de que, como acusado no presente Processo Administra vo Disciplinar, n\u00e3o venha a influir na apura\u00e7\u00e3o dos fatos.<\/p><p> III. O servidor afastado dever\u00e1 permanecer \u00e0 disposi\u00e7\u00e3o da Comiss\u00e3o de Processo Administra vo Disciplinar, no per\u00edodo acima consignado, e dever\u00e1 indicar endere\u00e7o, telefone e outros meios de contato suficientes para que possa ser encontrado.<\/p><p><\/p>\n\n\n<div style=\"height:15px\" aria-hidden=\"true\" class=\"wp-block-spacer\"><\/div>\n\n\n<div class=\"wp-block-buttons is-content-justification-right is-layout-flex wp-container-core-buttons-is-layout-1 wp-block-buttons-is-layout-flex\">\n<div class=\"wp-block-button has-custom-font-size is-style-outline has-small-font-size is-style-outline--1\"><a class=\"wp-block-button__link\" href=\"https:\/\/progepe.ufpr.br\/portarias\/wp-content\/uploads\/pcp\/DD\/2019\/387_DD - Instaura\u00e7\u00e3o CPAD e Afastamento Preventivo.pdf\" style=\"border-radius:0px\" target=\"_blank\" rel=\"noreferrer noopener\">Acesse o arquivo da portaria<\/a><\/div><\/div>\n","protected":false},"excerpt":{"rendered":"<p>I. Designar os servidores PAULO C\u00c9SAR OKIMOTO \u2014 0342881, Professor do Magist\u00e9rio Superior, lotado no Departamento de Engenharia Mec\u00e2nica do Setor de Tecnologia; ELISA FERNANDES FRANCISCO MARQUES \u2014 2046733, Administradora, lotada na Unidade de Hematologia, Hemoterapia e Oncologia do Hospital de Cl\u00ednicas; e PEDRO BENEDITO KOZESCHEN DOS SANTOS \u2014 2455767, Assistente em Administra\u00e7\u00e3o, lotado na Coordena\u00e7\u00e3o do Curso de Filosofia do Setor de Ci\u00eancias Humanas, para, sob a presid\u00eancia do primeiro, cons tu\u00edrem Comiss\u00e3o de Processo Administra vo Disciplinar des nada a apurar, no prazo de 60 (sessenta) dias, os fatos de que trata o Processo 23075.038609\/2019-00, bem<\/p>\n","protected":false},"author":41,"featured_media":0,"comment_status":"closed","ping_status":"open","sticky":false,"template":"","format":"standard","meta":{"_acf_changed":false,"iawp_total_views":3,"footnotes":""},"categories":[118],"tags":[132],"class_list":["post-68791","post","type-post","status-publish","format-standard","hentry","category-dd","tag-pad-sindicancia"],"acf":[],"_links":{"self":[{"href":"https:\/\/progepe.ufpr.br\/portarias\/wp-json\/wp\/v2\/posts\/68791","targetHints":{"allow":["GET"]}}],"collection":[{"href":"https:\/\/progepe.ufpr.br\/portarias\/wp-json\/wp\/v2\/posts"}],"about":[{"href":"https:\/\/progepe.ufpr.br\/portarias\/wp-json\/wp\/v2\/types\/post"}],"author":[{"embeddable":true,"href":"https:\/\/progepe.ufpr.br\/portarias\/wp-json\/wp\/v2\/users\/41"}],"replies":[{"embeddable":true,"href":"https:\/\/progepe.ufpr.br\/portarias\/wp-json\/wp\/v2\/comments?post=68791"}],"version-history":[{"count":1,"href":"https:\/\/progepe.ufpr.br\/portarias\/wp-json\/wp\/v2\/posts\/68791\/revisions"}],"predecessor-version":[{"id":125179,"href":"https:\/\/progepe.ufpr.br\/portarias\/wp-json\/wp\/v2\/posts\/68791\/revisions\/125179"}],"wp:attachment":[{"href":"https:\/\/progepe.ufpr.br\/portarias\/wp-json\/wp\/v2\/media?parent=68791"}],"wp:term":[{"taxonomy":"category","embeddable":true,"href":"https:\/\/progepe.ufpr.br\/portarias\/wp-json\/wp\/v2\/categories?post=68791"},{"taxonomy":"post_tag","embeddable":true,"href":"https:\/\/progepe.ufpr.br\/portarias\/wp-json\/wp\/v2\/tags?post=68791"}],"curies":[{"name":"wp","href":"https:\/\/api.w.org\/{rel}","templated":true}]}}