{"id":68792,"date":"2019-06-05T20:01:00","date_gmt":"2019-06-05T23:01:00","guid":{"rendered":"http:\/\/progepe.ufpr.br\/portarias\/portaria-no-388-dd-de-05-de-junho-de-2019\/"},"modified":"2024-09-17T09:59:03","modified_gmt":"2024-09-17T12:59:03","slug":"dd-2019-00388","status":"publish","type":"post","link":"https:\/\/progepe.ufpr.br\/portarias\/dd-2019-00388\/","title":{"rendered":"PORTARIA N\u00ba 00388\/DD, DE 05 DE JUNHO DE 2019"},"content":{"rendered":"\n<p style=\"padding-left:43%\">O Diretor Disciplinar da Universidade Federal do Paran\u00e1, no uso de suas atribui\u00e7\u00f5es, tendo em vista a compet\u00eancia que lhe \u00e9 conferida pela Portaria n\u00ba 593\/REITORIA, de 28 de agosto de 2017, o disposto nos artigos 191 e 192 do Regimento Geral da Universidade Federal do Paran\u00e1, e o que consta no processo 23075.072608\/2018-03,<\/p>\n\n\n\n<p style=\"padding-left:43%\"><strong>RESOLVE:<\/strong><\/p>\n\n\n\n<p>Designar a servidora ANA CLAUDIA NOGUEIRA MULATI &#8211; 2106442, Professora do Magist\u00e9rio Superior, lotada no campus avan\u00e7ado de Jandaia do Sul; o servidor F\u00c1BIO ANTONIO GABRIEL &#8211; 1210943, T\u00e9cnico de Tecnologia da Informa\u00e7\u00e3o, lotado no Laborat\u00f3rio de Inform\u00e1tica do campus avan\u00e7ado de Jandaia do Sul; e a aluna D\u00c9BORA ALESSANDRA JONES BATTOCCHIO &#8211; GRR20148276, aluna do Curso de Engenharia de Alimentos do campus avan\u00e7ado de Jandaia do Sul, para, sob a presid\u00eancia da primeira, constitu\u00edrem Comiss\u00e3o Disciplinar destinada a apurar, no prazo de 30 (trinta) dias, os fatos de que trata o processo 23075.072608\/2018-03, bem como proceder ao exame dos atos e fatos conexos que emergirem no decorrer dos trabalhos.<\/p>\n","protected":false},"excerpt":{"rendered":"<p>Designar a servidora ANA CLAUDIA NOGUEIRA MULATI &#8211; 2106442, Professora do Magist\u00e9rio Superior, lotada no campus avan\u00e7ado de Jandaia do Sul; o servidor F\u00c1BIO ANTONIO GABRIEL &#8211; 1210943, T\u00e9cnico de Tecnologia da Informa\u00e7\u00e3o, lotado no Laborat\u00f3rio de Inform\u00e1tica do campus avan\u00e7ado de Jandaia do Sul; e a aluna D\u00c9BORA ALESSANDRA JONES BATTOCCHIO &#8211; GRR20148276, aluna do Curso de Engenharia de Alimentos do campus avan\u00e7ado de Jandaia do Sul, para, sob a presid\u00eancia da primeira, constitu\u00edrem Comiss\u00e3o Disciplinar destinada a apurar, no prazo de 30 (trinta) dias, os fatos de que trata o processo 23075.072608\/2018-03, bem como proceder ao<\/p>\n","protected":false},"author":41,"featured_media":0,"comment_status":"closed","ping_status":"open","sticky":false,"template":"","format":"standard","meta":{"_acf_changed":false,"iawp_total_views":0,"footnotes":""},"categories":[118],"tags":[132],"class_list":["post-68792","post","type-post","status-publish","format-standard","hentry","category-dd","tag-pad-sindicancia"],"acf":[],"_links":{"self":[{"href":"https:\/\/progepe.ufpr.br\/portarias\/wp-json\/wp\/v2\/posts\/68792","targetHints":{"allow":["GET"]}}],"collection":[{"href":"https:\/\/progepe.ufpr.br\/portarias\/wp-json\/wp\/v2\/posts"}],"about":[{"href":"https:\/\/progepe.ufpr.br\/portarias\/wp-json\/wp\/v2\/types\/post"}],"author":[{"embeddable":true,"href":"https:\/\/progepe.ufpr.br\/portarias\/wp-json\/wp\/v2\/users\/41"}],"replies":[{"embeddable":true,"href":"https:\/\/progepe.ufpr.br\/portarias\/wp-json\/wp\/v2\/comments?post=68792"}],"version-history":[{"count":3,"href":"https:\/\/progepe.ufpr.br\/portarias\/wp-json\/wp\/v2\/posts\/68792\/revisions"}],"predecessor-version":[{"id":257287,"href":"https:\/\/progepe.ufpr.br\/portarias\/wp-json\/wp\/v2\/posts\/68792\/revisions\/257287"}],"wp:attachment":[{"href":"https:\/\/progepe.ufpr.br\/portarias\/wp-json\/wp\/v2\/media?parent=68792"}],"wp:term":[{"taxonomy":"category","embeddable":true,"href":"https:\/\/progepe.ufpr.br\/portarias\/wp-json\/wp\/v2\/categories?post=68792"},{"taxonomy":"post_tag","embeddable":true,"href":"https:\/\/progepe.ufpr.br\/portarias\/wp-json\/wp\/v2\/tags?post=68792"}],"curies":[{"name":"wp","href":"https:\/\/api.w.org\/{rel}","templated":true}]}}