{"id":68804,"date":"2019-06-14T20:09:00","date_gmt":"2019-06-14T23:09:00","guid":{"rendered":"http:\/\/progepe.ufpr.br\/portarias\/portaria-no-407-dd-de-14-de-junho-de-2019\/"},"modified":"2023-07-31T16:15:43","modified_gmt":"2023-07-31T19:15:43","slug":"dd-2019-00407","status":"publish","type":"post","link":"https:\/\/progepe.ufpr.br\/portarias\/dd-2019-00407\/","title":{"rendered":"PORTARIA N\u00ba 00407\/DD, DE 14 DE JUNHO DE 2019"},"content":{"rendered":"\n<p>O Diretor Disciplinar da Universidade Federal do Paran\u00e1, no uso de suas atribui\u00e7\u00f5es, tendo em vista a compet\u00eancia que lhe \u00e9 conferida pela Portaria n\u00ba 593\/REITORIA, de 28 de agosto de 2017, o disposto nos ar gos 191 e 192 do Regimento Geral da Universidade Federal do Paran\u00e1, e o que consta no Processo 23075.072162\/2018-17,<\/p>\n\n\n<p><strong>RESOLVE:<\/strong><\/p>\n\n\n<p>I. Subs tuir a servidora \u00daRSULA BUENO DO PRADO GUIRRO \u2014 1490024, Professora do Magist\u00e9rio Superior, lotada no Departamento de Medicina Integrada do Setor de Ci\u00eancias da Sa\u00fade, pelo servidor JOS\u00c9 SIM\u00c3O DE PAULA PINTO \u2014 2078234, Professor do Magist\u00e9rio Superior, lotado no Departamento de Ci\u00eancia e Gest\u00e3o da Informa\u00e7\u00e3o do Setor de Ci\u00eancias Sociais Aplicadas, como Presidente da Comiss\u00e3o Disciplinar designada pela Portaria n\u00ba 389\/DD, de 6 de junho de 2019.<\/p><p> II. Subs tuir o servidor ANDR\u00c9 KLINGENFUS ANTUNES \u2014 1002195, Assistente em Administra\u00e7\u00e3o, lotado na Unidade de Ambulat\u00f3rios do Hospital de Cl\u00ednicas, pela servidora LETICIA ZIMERMANN PIRES \u2014 3069973, T\u00e9cnica de Laborat\u00f3rio, lotada no Departamento de Engenharia e Tecnologias Florestais do Setor de Ci\u00eancias Agr\u00e1rias, como membro da Comiss\u00e3o Disciplinar designada pela Portaria n\u00ba 389\/DD, de 6 de junho de 2019.<\/p><p><\/p>\n\n\n<div style=\"height:15px\" aria-hidden=\"true\" class=\"wp-block-spacer\"><\/div>\n\n\n<div class=\"wp-block-buttons is-content-justification-right is-layout-flex wp-container-core-buttons-is-layout-1 wp-block-buttons-is-layout-flex\">\n<div class=\"wp-block-button has-custom-font-size is-style-outline has-small-font-size is-style-outline--1\"><a class=\"wp-block-button__link\" href=\"https:\/\/progepe.ufpr.br\/portarias\/wp-content\/uploads\/pcp\/DD\/2019\/407_DD - Substitui\u00e7\u00e3o CD.pdf\" style=\"border-radius:0px\" target=\"_blank\" rel=\"noreferrer noopener\">Acesse o arquivo da portaria<\/a><\/div><\/div>\n","protected":false},"excerpt":{"rendered":"<p>I. Subs tuir a servidora \u00daRSULA BUENO DO PRADO GUIRRO \u2014 1490024, Professora do Magist\u00e9rio Superior, lotada no Departamento de Medicina Integrada do Setor de Ci\u00eancias da Sa\u00fade, pelo servidor JOS\u00c9 SIM\u00c3O DE PAULA PINTO \u2014 2078234, Professor do Magist\u00e9rio Superior, lotado no Departamento de Ci\u00eancia e Gest\u00e3o da Informa\u00e7\u00e3o do Setor de Ci\u00eancias Sociais Aplicadas, como Presidente da Comiss\u00e3o Disciplinar designada pela Portaria n\u00ba 389\/DD, de 6 de junho de 2019. II. Subs tuir o servidor ANDR\u00c9 KLINGENFUS ANTUNES \u2014 1002195, Assistente em Administra\u00e7\u00e3o, lotado na Unidade de Ambulat\u00f3rios do Hospital de Cl\u00ednicas, pela servidora LETICIA ZIMERMANN<\/p>\n","protected":false},"author":41,"featured_media":0,"comment_status":"closed","ping_status":"open","sticky":false,"template":"","format":"standard","meta":{"_acf_changed":false,"iawp_total_views":1,"footnotes":""},"categories":[118],"tags":[132],"class_list":["post-68804","post","type-post","status-publish","format-standard","hentry","category-dd","tag-pad-sindicancia"],"acf":[],"_links":{"self":[{"href":"https:\/\/progepe.ufpr.br\/portarias\/wp-json\/wp\/v2\/posts\/68804","targetHints":{"allow":["GET"]}}],"collection":[{"href":"https:\/\/progepe.ufpr.br\/portarias\/wp-json\/wp\/v2\/posts"}],"about":[{"href":"https:\/\/progepe.ufpr.br\/portarias\/wp-json\/wp\/v2\/types\/post"}],"author":[{"embeddable":true,"href":"https:\/\/progepe.ufpr.br\/portarias\/wp-json\/wp\/v2\/users\/41"}],"replies":[{"embeddable":true,"href":"https:\/\/progepe.ufpr.br\/portarias\/wp-json\/wp\/v2\/comments?post=68804"}],"version-history":[{"count":2,"href":"https:\/\/progepe.ufpr.br\/portarias\/wp-json\/wp\/v2\/posts\/68804\/revisions"}],"predecessor-version":[{"id":125192,"href":"https:\/\/progepe.ufpr.br\/portarias\/wp-json\/wp\/v2\/posts\/68804\/revisions\/125192"}],"wp:attachment":[{"href":"https:\/\/progepe.ufpr.br\/portarias\/wp-json\/wp\/v2\/media?parent=68804"}],"wp:term":[{"taxonomy":"category","embeddable":true,"href":"https:\/\/progepe.ufpr.br\/portarias\/wp-json\/wp\/v2\/categories?post=68804"},{"taxonomy":"post_tag","embeddable":true,"href":"https:\/\/progepe.ufpr.br\/portarias\/wp-json\/wp\/v2\/tags?post=68804"}],"curies":[{"name":"wp","href":"https:\/\/api.w.org\/{rel}","templated":true}]}}