{"id":68806,"date":"2019-06-17T20:00:00","date_gmt":"2019-06-17T23:00:00","guid":{"rendered":"http:\/\/progepe.ufpr.br\/portarias\/portaria-no-409-dd-de-17-de-junho-de-2019\/"},"modified":"2023-10-03T16:49:31","modified_gmt":"2023-10-03T19:49:31","slug":"dd-2019-00409","status":"publish","type":"post","link":"https:\/\/progepe.ufpr.br\/portarias\/dd-2019-00409\/","title":{"rendered":"PORTARIA N\u00ba 00409\/DD, DE 17 DE JUNHO DE 2019"},"content":{"rendered":"\n<p>O Diretor Disciplinar da Universidade Federal do Paran\u00e1, no uso de suas atribui\u00e7\u00f5es, tendo em vista a compet\u00eancia que lhe \u00e9 conferida pela Portaria n\u00ba 593\/REITORIA, de 28 de agosto de 2017, o disposto nos ar gos 191 e 192 do Regimento Geral da Universidade Federal do Paran\u00e1, combinado com o artigo 147 da Lei n\u00ba 8.112, de 11 de dezembro de 1990, e o que consta no Processo 23075.041626\/2019-16,<\/p>\n\n\n\n<p><strong>RESOLVE:<\/strong><\/p>\n\n\n\n<p>I. Designar a servidora M\u00d4NICA MELLO DE MACEDO IGN\u00c1CIO \u2014 2487246, Professora do Magist\u00e9rio Superior, lotada no Departamento de Terapia Ocupacional do Setor de Ci\u00eancias da Sa\u00fade; o servidor JEAN CARLOS DE OLIVEIRA \u2014 2401408, Auxiliar em Administra\u00e7\u00e3o, lotado na Diretoria Disciplinar; e a aluna ANDRESSA REGINA BISSOLOTTI DOS SANTOS \u2014 \u275a\u275a\u275a.\u275a\u275a\u275a.\u275a\u275a\u275a-\u275a\u275a, estudante do Curso de Doutorado do Programa de P\u00f3s-Gradua\u00e7\u00e3o em Direito do Setor de Ci\u00eancias Jur\u00eddicas, para, sob a presid\u00eancia da primeira, cons tu\u00edrem Comiss\u00e3o Disciplinar des nada a apurar, no prazo de 30 (trinta) dias, os fatos de que trata o Processo 23075.040107\/2019-31, bem como proceder ao exame dos atos e fatos conexos que emergirem no decorrer dos trabalhos.<\/p>\n\n\n\n<p>II. Determinar o afastamento preventivo da aluna ANA PAULA DO NASCIMENTO DOS SANTOS \u2014 GRR20134808, estudante do Curso de Pedagogia do Setor de Educa\u00e7\u00e3o, de todas as a vidades acad\u00eamicas, salvo aquelas autorizadas previamente pela Coordena\u00e7\u00e3o do Curso de Pedagogia, ficando proibida de comparecer ao campus da Reitoria e ao Restaurante Universit\u00e1rio,  pelo prazo de 30 (trinta) dias, a fim de que, como acusada no Processo Disciplinar instaurado no bojo do Processo 23075.041626\/2019-16, n\u00e3o venha a influir na apura\u00e7\u00e3o dos fatos.<\/p>\n\n\n\n<p>III. A aluna afastada dever\u00e1 permanecer \u00e0 disposi\u00e7\u00e3o da Comiss\u00e3o Disciplinar, no per\u00edodo acima consignado, e dever\u00e1 indicar endere\u00e7o, telefone e outros meios de contato suficientes para que possa ser encontrada.<\/p>\n","protected":false},"excerpt":{"rendered":"<p>I. Designar a servidora M\u00d4NICA MELLO DE MACEDO IGN\u00c1CIO \u2014 2487246, Professora do Magist\u00e9rio Superior, lotada no Departamento de Terapia Ocupacional do Setor de Ci\u00eancias da Sa\u00fade; o servidor JEAN CARLOS DE OLIVEIRA \u2014 2401408, Auxiliar em Administra\u00e7\u00e3o, lotado na Diretoria Disciplinar; e a aluna ANDRESSA REGINA BISSOLOTTI DOS SANTOS \u2014 \u275a\u275a\u275a.\u275a\u275a\u275a.\u275a\u275a\u275a-\u275a\u275a, estudante do Curso de Doutorado do Programa de P\u00f3s-Gradua\u00e7\u00e3o em Direito do Setor de Ci\u00eancias Jur\u00eddicas, para, sob a presid\u00eancia da primeira, cons tu\u00edrem Comiss\u00e3o Disciplinar des nada a apurar, no prazo de 30 (trinta) dias, os fatos de que trata o Processo 23075.040107\/2019-31, bem como<\/p>\n","protected":false},"author":41,"featured_media":0,"comment_status":"closed","ping_status":"open","sticky":false,"template":"","format":"standard","meta":{"_acf_changed":false,"iawp_total_views":0,"footnotes":""},"categories":[118],"tags":[132],"class_list":["post-68806","post","type-post","status-publish","format-standard","hentry","category-dd","tag-pad-sindicancia"],"acf":[],"_links":{"self":[{"href":"https:\/\/progepe.ufpr.br\/portarias\/wp-json\/wp\/v2\/posts\/68806","targetHints":{"allow":["GET"]}}],"collection":[{"href":"https:\/\/progepe.ufpr.br\/portarias\/wp-json\/wp\/v2\/posts"}],"about":[{"href":"https:\/\/progepe.ufpr.br\/portarias\/wp-json\/wp\/v2\/types\/post"}],"author":[{"embeddable":true,"href":"https:\/\/progepe.ufpr.br\/portarias\/wp-json\/wp\/v2\/users\/41"}],"replies":[{"embeddable":true,"href":"https:\/\/progepe.ufpr.br\/portarias\/wp-json\/wp\/v2\/comments?post=68806"}],"version-history":[{"count":3,"href":"https:\/\/progepe.ufpr.br\/portarias\/wp-json\/wp\/v2\/posts\/68806\/revisions"}],"predecessor-version":[{"id":252297,"href":"https:\/\/progepe.ufpr.br\/portarias\/wp-json\/wp\/v2\/posts\/68806\/revisions\/252297"}],"wp:attachment":[{"href":"https:\/\/progepe.ufpr.br\/portarias\/wp-json\/wp\/v2\/media?parent=68806"}],"wp:term":[{"taxonomy":"category","embeddable":true,"href":"https:\/\/progepe.ufpr.br\/portarias\/wp-json\/wp\/v2\/categories?post=68806"},{"taxonomy":"post_tag","embeddable":true,"href":"https:\/\/progepe.ufpr.br\/portarias\/wp-json\/wp\/v2\/tags?post=68806"}],"curies":[{"name":"wp","href":"https:\/\/api.w.org\/{rel}","templated":true}]}}