{"id":68829,"date":"2019-07-08T20:02:00","date_gmt":"2019-07-08T23:02:00","guid":{"rendered":"http:\/\/progepe.ufpr.br\/portarias\/portaria-no-432-dd-de-08-de-julho-de-2019\/"},"modified":"2023-07-31T16:15:45","modified_gmt":"2023-07-31T19:15:45","slug":"dd-2019-00432","status":"publish","type":"post","link":"https:\/\/progepe.ufpr.br\/portarias\/dd-2019-00432\/","title":{"rendered":"PORTARIA N\u00ba 00432\/DD, DE 08 DE JULHO DE 2019"},"content":{"rendered":"\n<p>O Diretor Disciplinar da Universidade Federal do Paran\u00e1, no uso de suas atribui\u00e7\u00f5es, tendo em vista a compet\u00eancia que lhe \u00e9 conferida pela Portaria n\u00ba 593\/REITORIA, de 28 de agosto de 2017, o disposto nos ar gos 133, 139, 140 e 143 da Lei n\u00ba 8.112, de 11 de dezembro de 1990, e o que consta no Processo 23075.032831\/2019-91,<\/p>\n\n\n<p><strong>RESOLVE:<\/strong><\/p>\n\n\n<p>Designar as servidoras JANETE SALDANHA BACH ESTEV\u00c3O \u2014 1969999, Bibliotec\u00e1ria-Documentalista, lotada na Biblioteca de Ci\u00eancias Sociais Aplicadas do Sistema de Bibliotecas; e MARIANNA LEICHSENRING SELLA \u2014 1713730, Revisora de Textos, lotada no Departamento de Enfermagem do Setor de Ci\u00eancias da Sa\u00fade, para, sob a presid\u00eancia da primeira, cons tu\u00edrem Comiss\u00e3o de Processo Administra vo Disciplinar de rito sum\u00e1rio, des nada a apurar, no prazo de 30 (trinta) dias, poss\u00edvel pr\u00e1 ca da infra\u00e7\u00e3o funcional de inassiduidade habitual, atribu\u00edda ao servidor Evaldo Dacheux de Macedo Filho \u2014 1202677, M\u00e9dico, lotado no Servi\u00e7o Otorrinolaringologia do Hospital de Cl\u00ednicas, em fun\u00e7\u00e3o de sua aus\u00eancia injus ficada ao servi\u00e7o nos dias 2, 3, 4, 5, 6, 11, 12, 13, 18, 19, 20, 25, 26 e 27 de janeiro de 2017; 1\u00ba, 2, 3, 8, 9, 10, 15, 16, 17, 22, 23 e 24 de fevereiro de 2017; 2, 3, 8, 9, 10, 13, 15, 16, 22, 23, 29 e 30 de mar\u00e7o de 2017; 3, 4, 10, 11, 12, 17, 24, 25, 26 e 31 de maio de 2017; 1\u00ba, 7, 8, 14, 21, 22, 28 e 29 de junho de 2017; 7, 10, 13, 14, 20, 21, 27 e 28 de novembro de 2017; 1\u00ba, 4, 5, 8, 11, 12, 15, 18, 19, 21, 26 e 29, perfazendo um total de 76 (setenta e seis) faltas no per\u00edodo de doze meses, e nos dias 7, 8, 11, 14, 15, 21, 22, 28 e 29 de maio de 2018; 11 de 22 de junho de 2018; 3, 6, 17, 28 e 31 de agosto de 2018; 3 de setembro de 2018; 19, 22, 23 e 26 de outubro de 2018; 1\u00ba, 5, 6, 7, 8, 13, 14, 19, 20, 21, 22, 26, 27 e 29 de novembro de 2018; 3, 4, 7, 10, 11, 14, 17, 18, 21 e 28 de dezembro de 2018; 4, 7, 8, 11, 14, 15, 16, 18, 21, 22, 25, 28 e 29 de janeiro de 2019; 1\u00ba, 3, 6, 8, 10, 13, 15, 17, 20, 22, 24 e 27 de fevereiro de 2019; 1\u00ba, 4, 5, 8, 11 e 29 de mar\u00e7o de 2019; 1\u00ba, 2, 8, 9, 12, 15, 16, 22, 23, 29 e 30 de abril de 2019, perfazendo um total de 87 (oitenta e sete) faltas no per\u00edodo de doze meses, conforme consta do Processo 23075.032831\/2019-91.<\/p><p><\/p>\n\n\n<div style=\"height:15px\" aria-hidden=\"true\" class=\"wp-block-spacer\"><\/div>\n\n\n<div class=\"wp-block-buttons is-content-justification-right is-layout-flex wp-container-core-buttons-is-layout-1 wp-block-buttons-is-layout-flex\">\n<div class=\"wp-block-button has-custom-font-size is-style-outline has-small-font-size is-style-outline--1\"><a class=\"wp-block-button__link\" href=\"https:\/\/progepe.ufpr.br\/portarias\/wp-content\/uploads\/pcp\/DD\/2019\/432_DD - Instaura\u00e7\u00e3o CPAD Sum\u00e1rio.pdf\" style=\"border-radius:0px\" target=\"_blank\" rel=\"noreferrer noopener\">Acesse o arquivo da portaria<\/a><\/div><\/div>\n","protected":false},"excerpt":{"rendered":"<p>Designar as servidoras JANETE SALDANHA BACH ESTEV\u00c3O \u2014 1969999, Bibliotec\u00e1ria-Documentalista, lotada na Biblioteca de Ci\u00eancias Sociais Aplicadas do Sistema de Bibliotecas; e MARIANNA LEICHSENRING SELLA \u2014 1713730, Revisora de Textos, lotada no Departamento de Enfermagem do Setor de Ci\u00eancias da Sa\u00fade, para, sob a presid\u00eancia da primeira, cons tu\u00edrem Comiss\u00e3o de Processo Administra vo Disciplinar de rito sum\u00e1rio, des nada a apurar, no prazo de 30 (trinta) dias, poss\u00edvel pr\u00e1 ca da infra\u00e7\u00e3o funcional de inassiduidade habitual, atribu\u00edda ao servidor Evaldo Dacheux de Macedo Filho \u2014 1202677, M\u00e9dico, lotado no Servi\u00e7o Otorrinolaringologia do Hospital de Cl\u00ednicas, em fun\u00e7\u00e3o<\/p>\n","protected":false},"author":41,"featured_media":0,"comment_status":"closed","ping_status":"open","sticky":false,"template":"","format":"standard","meta":{"_acf_changed":false,"iawp_total_views":1,"footnotes":""},"categories":[118],"tags":[132],"class_list":["post-68829","post","type-post","status-publish","format-standard","hentry","category-dd","tag-pad-sindicancia"],"acf":[],"_links":{"self":[{"href":"https:\/\/progepe.ufpr.br\/portarias\/wp-json\/wp\/v2\/posts\/68829","targetHints":{"allow":["GET"]}}],"collection":[{"href":"https:\/\/progepe.ufpr.br\/portarias\/wp-json\/wp\/v2\/posts"}],"about":[{"href":"https:\/\/progepe.ufpr.br\/portarias\/wp-json\/wp\/v2\/types\/post"}],"author":[{"embeddable":true,"href":"https:\/\/progepe.ufpr.br\/portarias\/wp-json\/wp\/v2\/users\/41"}],"replies":[{"embeddable":true,"href":"https:\/\/progepe.ufpr.br\/portarias\/wp-json\/wp\/v2\/comments?post=68829"}],"version-history":[{"count":2,"href":"https:\/\/progepe.ufpr.br\/portarias\/wp-json\/wp\/v2\/posts\/68829\/revisions"}],"predecessor-version":[{"id":125217,"href":"https:\/\/progepe.ufpr.br\/portarias\/wp-json\/wp\/v2\/posts\/68829\/revisions\/125217"}],"wp:attachment":[{"href":"https:\/\/progepe.ufpr.br\/portarias\/wp-json\/wp\/v2\/media?parent=68829"}],"wp:term":[{"taxonomy":"category","embeddable":true,"href":"https:\/\/progepe.ufpr.br\/portarias\/wp-json\/wp\/v2\/categories?post=68829"},{"taxonomy":"post_tag","embeddable":true,"href":"https:\/\/progepe.ufpr.br\/portarias\/wp-json\/wp\/v2\/tags?post=68829"}],"curies":[{"name":"wp","href":"https:\/\/api.w.org\/{rel}","templated":true}]}}