{"id":68830,"date":"2019-07-10T20:00:00","date_gmt":"2019-07-10T23:00:00","guid":{"rendered":"http:\/\/progepe.ufpr.br\/portarias\/portaria-no-433-dd-de-10-de-julho-de-2019\/"},"modified":"2023-07-31T16:15:45","modified_gmt":"2023-07-31T19:15:45","slug":"dd-2019-00433","status":"publish","type":"post","link":"https:\/\/progepe.ufpr.br\/portarias\/dd-2019-00433\/","title":{"rendered":"PORTARIA N\u00ba 00433\/DD, DE 10 DE JULHO DE 2019"},"content":{"rendered":"\n<p>O Diretor Disciplinar da Universidade Federal do Paran\u00e1, no uso de suas atribui\u00e7\u00f5es, tendo em vista a compet\u00eancia que lhe \u00e9 conferida pela Portaria n\u00ba 593\/REITORIA, de 28 de agosto de 2017, o disposto nos ar gos 143, 148, 149 e 152 da Lei n\u00ba 8.112, de 11 de dezembro de 1990, e o que consta no Processo 23075.013223\/2018-04,<\/p>\n\n\n<p><strong>RESOLVE:<\/strong><\/p>\n\n\n<p>Designar as servidoras GIOVANA DANIELA PECHARKI VIANNA \u2014 2450532, Professora do Magist\u00e9rio Superior, lotada no Departamento de Sa\u00fade Comunit\u00e1ria; GABRIELA MACHADO DANIEL DA CRUZ \u2014 2283920, Assistente em Administra\u00e7\u00e3o, lotada na Coordena\u00e7\u00e3o do Programa de P\u00f3s-Gradua\u00e7\u00e3o em Farmacologia do Setor de Ci\u00eancias Biol\u00f3gicas e GREZIELLE CRISTINY DE LIMA MERINO \u2014 1750432, Auxiliar de Biblioteca, lotada na Biblioteca de Ci\u00eancias Agr\u00e1rias do Sistemas de Bibliotecas, para, sob a presid\u00eancia da primeira, cons tu\u00edrem Comiss\u00e3o de Processo Administra vo Disciplinar des nada a apurar, no prazo de 60 (sessenta) dias, os fatos de que trata o Processo 23075.013223\/2018-04, bem como proceder ao exame dos atos e fatos conexos que emergirem no decorrer dos trabalhos.<\/p><p><\/p>\n\n\n<div style=\"height:15px\" aria-hidden=\"true\" class=\"wp-block-spacer\"><\/div>\n\n\n<div class=\"wp-block-buttons is-content-justification-right is-layout-flex wp-container-core-buttons-is-layout-1 wp-block-buttons-is-layout-flex\">\n<div class=\"wp-block-button has-custom-font-size is-style-outline has-small-font-size is-style-outline--1\"><a class=\"wp-block-button__link\" href=\"https:\/\/progepe.ufpr.br\/portarias\/wp-content\/uploads\/pcp\/DD\/2019\/433_DD - Instaura\u00e7\u00e3o CPAD.pdf\" style=\"border-radius:0px\" target=\"_blank\" rel=\"noreferrer noopener\">Acesse o arquivo da portaria<\/a><\/div><\/div>\n","protected":false},"excerpt":{"rendered":"<p>Designar as servidoras GIOVANA DANIELA PECHARKI VIANNA \u2014 2450532, Professora do Magist\u00e9rio Superior, lotada no Departamento de Sa\u00fade Comunit\u00e1ria; GABRIELA MACHADO DANIEL DA CRUZ \u2014 2283920, Assistente em Administra\u00e7\u00e3o, lotada na Coordena\u00e7\u00e3o do Programa de P\u00f3s-Gradua\u00e7\u00e3o em Farmacologia do Setor de Ci\u00eancias Biol\u00f3gicas e GREZIELLE CRISTINY DE LIMA MERINO \u2014 1750432, Auxiliar de Biblioteca, lotada na Biblioteca de Ci\u00eancias Agr\u00e1rias do Sistemas de Bibliotecas, para, sob a presid\u00eancia da primeira, cons tu\u00edrem Comiss\u00e3o de Processo Administra vo Disciplinar des nada a apurar, no prazo de 60 (sessenta) dias, os fatos de que trata o Processo 23075.013223\/2018-04, bem como<\/p>\n","protected":false},"author":41,"featured_media":0,"comment_status":"closed","ping_status":"open","sticky":false,"template":"","format":"standard","meta":{"_acf_changed":false,"iawp_total_views":0,"footnotes":""},"categories":[118],"tags":[132],"class_list":["post-68830","post","type-post","status-publish","format-standard","hentry","category-dd","tag-pad-sindicancia"],"acf":[],"_links":{"self":[{"href":"https:\/\/progepe.ufpr.br\/portarias\/wp-json\/wp\/v2\/posts\/68830","targetHints":{"allow":["GET"]}}],"collection":[{"href":"https:\/\/progepe.ufpr.br\/portarias\/wp-json\/wp\/v2\/posts"}],"about":[{"href":"https:\/\/progepe.ufpr.br\/portarias\/wp-json\/wp\/v2\/types\/post"}],"author":[{"embeddable":true,"href":"https:\/\/progepe.ufpr.br\/portarias\/wp-json\/wp\/v2\/users\/41"}],"replies":[{"embeddable":true,"href":"https:\/\/progepe.ufpr.br\/portarias\/wp-json\/wp\/v2\/comments?post=68830"}],"version-history":[{"count":1,"href":"https:\/\/progepe.ufpr.br\/portarias\/wp-json\/wp\/v2\/posts\/68830\/revisions"}],"predecessor-version":[{"id":125218,"href":"https:\/\/progepe.ufpr.br\/portarias\/wp-json\/wp\/v2\/posts\/68830\/revisions\/125218"}],"wp:attachment":[{"href":"https:\/\/progepe.ufpr.br\/portarias\/wp-json\/wp\/v2\/media?parent=68830"}],"wp:term":[{"taxonomy":"category","embeddable":true,"href":"https:\/\/progepe.ufpr.br\/portarias\/wp-json\/wp\/v2\/categories?post=68830"},{"taxonomy":"post_tag","embeddable":true,"href":"https:\/\/progepe.ufpr.br\/portarias\/wp-json\/wp\/v2\/tags?post=68830"}],"curies":[{"name":"wp","href":"https:\/\/api.w.org\/{rel}","templated":true}]}}