{"id":68841,"date":"2019-07-23T20:01:00","date_gmt":"2019-07-23T23:01:00","guid":{"rendered":"http:\/\/progepe.ufpr.br\/portarias\/portaria-no-450-dd-de-23-de-julho-de-2019\/"},"modified":"2023-07-31T16:15:45","modified_gmt":"2023-07-31T19:15:45","slug":"dd-2019-00450","status":"publish","type":"post","link":"https:\/\/progepe.ufpr.br\/portarias\/dd-2019-00450\/","title":{"rendered":"PORTARIA N\u00ba 00450\/DD, DE 23 DE JULHO DE 2019"},"content":{"rendered":"\n<p>O Diretor Disciplinar da Universidade Federal do Paran\u00e1, no uso de suas atribui\u00e7\u00f5es, tendo em vista a compet\u00eancia que lhe \u00e9 conferida pela Portaria n\u00ba 593\/REITORIA, de 28 de agosto de 2017, o disposto nos artigos 128, 129, 130, 141, inciso III, e 168 da Lei n\u00ba 8.112, de 11 de dezembro de 1990, e o que consta no Processo 23075.147333\/2016-07,<\/p>\n\n\n<p><strong>RESOLVE:<\/strong><\/p>\n\n\n<p>I. Aplicar a penalidade de SUSPENS\u00c3O DE 6 (SEIS) DIAS \u00e0 servidora GEANE LOTH CRUZ, de matr\u00edculas funcionais n\u00ba 202.202 (UFPR) e n\u00ba 1831674 (SIAPE), ocupante do cargo de Secret\u00e1ria Executiva, lotada na Se\u00e7\u00e3o de Gest\u00e3o Pedag\u00f3gica do Setor Litoral, pela inobserv\u00e2ncia do dever funcional previsto no artigo 116, inciso III, com fulcro no ar go 130, combinado com os ar gos 128 e 129, todos da Lei n\u00ba 8.112, de 11 de dezembro de 1990.<\/p><p> II. Converter a suspens\u00e3o em multa, na base de 50 (cinquenta por cento) por dia de remunera\u00e7\u00e3o, ficando a servidora obrigada a permanecer em servi\u00e7o, nos termos do artigo 130, \u00a72\u00ba, do referido diploma legal.<\/p><p><\/p>\n\n\n<div style=\"height:15px\" aria-hidden=\"true\" class=\"wp-block-spacer\"><\/div>\n\n\n<div class=\"wp-block-buttons is-content-justification-right is-layout-flex wp-container-core-buttons-is-layout-1 wp-block-buttons-is-layout-flex\">\n<div class=\"wp-block-button has-custom-font-size is-style-outline has-small-font-size is-style-outline--1\"><a class=\"wp-block-button__link\" href=\"https:\/\/progepe.ufpr.br\/portarias\/wp-content\/uploads\/pcp\/DD\/2019\/450_DD - Suspens\u00e3o.pdf\" style=\"border-radius:0px\" target=\"_blank\" rel=\"noreferrer noopener\">Acesse o arquivo da portaria<\/a><\/div><\/div>\n","protected":false},"excerpt":{"rendered":"<p>I. Aplicar a penalidade de SUSPENS\u00c3O DE 6 (SEIS) DIAS \u00e0 servidora GEANE LOTH CRUZ, de matr\u00edculas funcionais n\u00ba 202.202 (UFPR) e n\u00ba 1831674 (SIAPE), ocupante do cargo de Secret\u00e1ria Executiva, lotada na Se\u00e7\u00e3o de Gest\u00e3o Pedag\u00f3gica do Setor Litoral, pela inobserv\u00e2ncia do dever funcional previsto no artigo 116, inciso III, com fulcro no ar go 130, combinado com os ar gos 128 e 129, todos da Lei n\u00ba 8.112, de 11 de dezembro de 1990. II. Converter a suspens\u00e3o em multa, na base de 50 (cinquenta por cento) por dia de remunera\u00e7\u00e3o, ficando a servidora obrigada a<\/p>\n","protected":false},"author":41,"featured_media":0,"comment_status":"closed","ping_status":"open","sticky":false,"template":"","format":"standard","meta":{"_acf_changed":false,"iawp_total_views":0,"footnotes":""},"categories":[118],"tags":[132],"class_list":["post-68841","post","type-post","status-publish","format-standard","hentry","category-dd","tag-pad-sindicancia"],"acf":[],"_links":{"self":[{"href":"https:\/\/progepe.ufpr.br\/portarias\/wp-json\/wp\/v2\/posts\/68841","targetHints":{"allow":["GET"]}}],"collection":[{"href":"https:\/\/progepe.ufpr.br\/portarias\/wp-json\/wp\/v2\/posts"}],"about":[{"href":"https:\/\/progepe.ufpr.br\/portarias\/wp-json\/wp\/v2\/types\/post"}],"author":[{"embeddable":true,"href":"https:\/\/progepe.ufpr.br\/portarias\/wp-json\/wp\/v2\/users\/41"}],"replies":[{"embeddable":true,"href":"https:\/\/progepe.ufpr.br\/portarias\/wp-json\/wp\/v2\/comments?post=68841"}],"version-history":[{"count":2,"href":"https:\/\/progepe.ufpr.br\/portarias\/wp-json\/wp\/v2\/posts\/68841\/revisions"}],"predecessor-version":[{"id":125229,"href":"https:\/\/progepe.ufpr.br\/portarias\/wp-json\/wp\/v2\/posts\/68841\/revisions\/125229"}],"wp:attachment":[{"href":"https:\/\/progepe.ufpr.br\/portarias\/wp-json\/wp\/v2\/media?parent=68841"}],"wp:term":[{"taxonomy":"category","embeddable":true,"href":"https:\/\/progepe.ufpr.br\/portarias\/wp-json\/wp\/v2\/categories?post=68841"},{"taxonomy":"post_tag","embeddable":true,"href":"https:\/\/progepe.ufpr.br\/portarias\/wp-json\/wp\/v2\/tags?post=68841"}],"curies":[{"name":"wp","href":"https:\/\/api.w.org\/{rel}","templated":true}]}}