{"id":68867,"date":"2019-08-14T20:04:00","date_gmt":"2019-08-14T23:04:00","guid":{"rendered":"http:\/\/progepe.ufpr.br\/portarias\/portaria-no-480-dd-de-14-de-agosto-de-2019\/"},"modified":"2023-07-31T16:15:47","modified_gmt":"2023-07-31T19:15:47","slug":"dd-2019-00480","status":"publish","type":"post","link":"https:\/\/progepe.ufpr.br\/portarias\/dd-2019-00480\/","title":{"rendered":"PORTARIA N\u00ba 00480\/DD, DE 14 DE AGOSTO DE 2019"},"content":{"rendered":"\n<p>O Diretor Disciplinar da Universidade Federal do Paran\u00e1, no uso de suas atribui\u00e7\u00f5es, tendo em vista a compet\u00eancia que lhe \u00e9 conferida pela Portaria n\u00ba 593\/REITORIA, de 28 de agosto de 2017, o disposto nos ar gos 133, 138, 139, 140, 143 e 148 da Lei n\u00ba 8.112, de 11 de dezembro de 1990, e o que consta no Processo 23075.020805\/2019-10,<\/p>\n\n\n<p><strong>RESOLVE:<\/strong><\/p>\n\n\n<p>Subs tuir o servidor LUIZ S\u00c1VIO MONTEIRO DE ALMEIDA \u2014 1658885, T\u00e9cnico Despor vo, lotado no Centro de Educa\u00e7\u00e3o F\u00edsica e Desportos do Setor de Ci\u00eancias Biol\u00f3gicas, pela servidora THA\u00cdS ROLIM \u2014 2181175, Administradora, lotada na Diretoria Disciplinar, como membro da Comiss\u00e3o de Processo Administra vo Disciplinar designada pela Portaria n\u00ba 457\/DD, de 29 de julho de 2019.<\/p><p><\/p>\n\n\n<div style=\"height:15px\" aria-hidden=\"true\" class=\"wp-block-spacer\"><\/div>\n\n\n<div class=\"wp-block-buttons is-content-justification-right is-layout-flex wp-container-core-buttons-is-layout-1 wp-block-buttons-is-layout-flex\">\n<div class=\"wp-block-button has-custom-font-size is-style-outline has-small-font-size is-style-outline--1\"><a class=\"wp-block-button__link\" href=\"https:\/\/progepe.ufpr.br\/portarias\/wp-content\/uploads\/pcp\/DD\/2019\/480_DD - Substitui\u00e7\u00e3o CPAD Sum\u00e1rio.pdf\" style=\"border-radius:0px\" target=\"_blank\" rel=\"noreferrer noopener\">Acesse o arquivo da portaria<\/a><\/div><\/div>\n","protected":false},"excerpt":{"rendered":"<p>Subs tuir o servidor LUIZ S\u00c1VIO MONTEIRO DE ALMEIDA \u2014 1658885, T\u00e9cnico Despor vo, lotado no Centro de Educa\u00e7\u00e3o F\u00edsica e Desportos do Setor de Ci\u00eancias Biol\u00f3gicas, pela servidora THA\u00cdS ROLIM \u2014 2181175, Administradora, lotada na Diretoria Disciplinar, como membro da Comiss\u00e3o de Processo Administra vo Disciplinar designada pela Portaria n\u00ba 457\/DD, de 29 de julho de 2019.  {&#8220;height&#8221;:&#8221;15px&#8221;} <\/p>\n<div style=\"height:15px\" aria-hidden=\"true\" class=\"wp-block-spacer\"> <!-- \/wp:spacer  {\"layout\":{\"type\":\"flex\",\"justifyContent\":\"right\"}} \n\n<div class=\"wp-block-buttons\"><!-- wp:button {\"style\":{\"border\":{\"radius\":\"0px\"}},\"className\":\"is-style-outline\",\"fontSize\":\"small\"} \n\n<div class=\"wp-block-button has-custom-font-size is-style-outline has-small-font-size\"><a class=\"wp-block-button__link\" href=\"https:\/\/progepe.ufpr.br\/portarias\/wp-content\/uploads\/pcp\/DD\/2019\/480_DD - Substitui\u00e7\u00e3o CPAD Sum\u00e1rio.pdf\" style=\"border-radius:0px\" target=\"_blank\" rel=\"noreferrer noopener\">Acesse o arquivo da portaria<\/a><!-- \/\n<\/p>\n","protected":false},"author":41,"featured_media":0,"comment_status":"closed","ping_status":"open","sticky":false,"template":"","format":"standard","meta":{"_acf_changed":false,"iawp_total_views":1,"footnotes":""},"categories":[118],"tags":[132],"class_list":["post-68867","post","type-post","status-publish","format-standard","hentry","category-dd","tag-pad-sindicancia"],"acf":[],"_links":{"self":[{"href":"https:\/\/progepe.ufpr.br\/portarias\/wp-json\/wp\/v2\/posts\/68867","targetHints":{"allow":["GET"]}}],"collection":[{"href":"https:\/\/progepe.ufpr.br\/portarias\/wp-json\/wp\/v2\/posts"}],"about":[{"href":"https:\/\/progepe.ufpr.br\/portarias\/wp-json\/wp\/v2\/types\/post"}],"author":[{"embeddable":true,"href":"https:\/\/progepe.ufpr.br\/portarias\/wp-json\/wp\/v2\/users\/41"}],"replies":[{"embeddable":true,"href":"https:\/\/progepe.ufpr.br\/portarias\/wp-json\/wp\/v2\/comments?post=68867"}],"version-history":[{"count":2,"href":"https:\/\/progepe.ufpr.br\/portarias\/wp-json\/wp\/v2\/posts\/68867\/revisions"}],"predecessor-version":[{"id":125255,"href":"https:\/\/progepe.ufpr.br\/portarias\/wp-json\/wp\/v2\/posts\/68867\/revisions\/125255"}],"wp:attachment":[{"href":"https:\/\/progepe.ufpr.br\/portarias\/wp-json\/wp\/v2\/media?parent=68867"}],"wp:term":[{"taxonomy":"category","embeddable":true,"href":"https:\/\/progepe.ufpr.br\/portarias\/wp-json\/wp\/v2\/categories?post=68867"},{"taxonomy":"post_tag","embeddable":true,"href":"https:\/\/progepe.ufpr.br\/portarias\/wp-json\/wp\/v2\/tags?post=68867"}],"curies":[{"name":"wp","href":"https:\/\/api.w.org\/{rel}","templated":true}]}}