{"id":68869,"date":"2019-08-14T20:06:00","date_gmt":"2019-08-14T23:06:00","guid":{"rendered":"http:\/\/progepe.ufpr.br\/portarias\/portaria-no-482-dd-de-14-de-agosto-de-2019\/"},"modified":"2023-07-31T16:15:47","modified_gmt":"2023-07-31T19:15:47","slug":"dd-2019-00482","status":"publish","type":"post","link":"https:\/\/progepe.ufpr.br\/portarias\/dd-2019-00482\/","title":{"rendered":"PORTARIA N\u00ba 00482\/DD, DE 14 DE AGOSTO DE 2019"},"content":{"rendered":"\n<p>O Diretor Disciplinar da Universidade Federal do Paran\u00e1, no uso de suas atribui\u00e7\u00f5es, tendo em vista a compet\u00eancia que lhe \u00e9 conferida pela Portaria n\u00ba 593\/REITORIA, de 28 de agosto de 2017, o disposto nos ar gos 143, 148, 149 e 152 da Lei n\u00ba 8.112, de 11 de dezembro de 1990, e o que consta no Processo 23075.012936\/2013-38,<\/p>\n\n\n<p><strong>RESOLVE:<\/strong><\/p>\n\n\n<p>Subs tuir a servidora HELOISA FUGANTI CAMPOS \u2014 1209260, Professora do Magist\u00e9rio Superior, lotada no Departamento de Constru\u00e7\u00e3o Civil do Setor de Tecnologia, pelo servidor LEONARDO ERCOLIN FILHO \u2014 2268005, Professor do Magist\u00e9rio Superior, lotado no Departamento de Geom\u00e1 ca do Setor de Ci\u00eancias da Terra, como membro da Comiss\u00e3o de Processo Administra vo Disciplinar designada pela Portaria n\u00ba 437\/DD, de 12 de julho de 2019, alterada pela Portaria n\u00ba 465\/DD, de 7 de agosto de 2019, e pela Portaria n\u00ba 471\/DD, de 9 de agosto de 2019.<\/p><p><\/p>\n\n\n<div style=\"height:15px\" aria-hidden=\"true\" class=\"wp-block-spacer\"><\/div>\n\n\n<div class=\"wp-block-buttons is-content-justification-right is-layout-flex wp-container-core-buttons-is-layout-1 wp-block-buttons-is-layout-flex\">\n<div class=\"wp-block-button has-custom-font-size is-style-outline has-small-font-size is-style-outline--1\"><a class=\"wp-block-button__link\" href=\"https:\/\/progepe.ufpr.br\/portarias\/wp-content\/uploads\/pcp\/DD\/2019\/482_DD - Substitui\u00e7\u00e3o CPAD.pdf\" style=\"border-radius:0px\" target=\"_blank\" rel=\"noreferrer noopener\">Acesse o arquivo da portaria<\/a><\/div><\/div>\n","protected":false},"excerpt":{"rendered":"<p>Subs tuir a servidora HELOISA FUGANTI CAMPOS \u2014 1209260, Professora do Magist\u00e9rio Superior, lotada no Departamento de Constru\u00e7\u00e3o Civil do Setor de Tecnologia, pelo servidor LEONARDO ERCOLIN FILHO \u2014 2268005, Professor do Magist\u00e9rio Superior, lotado no Departamento de Geom\u00e1 ca do Setor de Ci\u00eancias da Terra, como membro da Comiss\u00e3o de Processo Administra vo Disciplinar designada pela Portaria n\u00ba 437\/DD, de 12 de julho de 2019, alterada pela Portaria n\u00ba 465\/DD, de 7 de agosto de 2019, e pela Portaria n\u00ba 471\/DD, de 9 de agosto de 2019.  {&#8220;height&#8221;:&#8221;15px&#8221;} <\/p>\n<div style=\"height:15px\" aria-hidden=\"true\" class=\"wp-block-spacer\"> <!-- \/wp:spacer  {\"layout\":{\"type\":\"flex\",\"justifyContent\":\"right\"}}\n<\/p>\n","protected":false},"author":41,"featured_media":0,"comment_status":"closed","ping_status":"open","sticky":false,"template":"","format":"standard","meta":{"_acf_changed":false,"iawp_total_views":0,"footnotes":""},"categories":[118],"tags":[132],"class_list":["post-68869","post","type-post","status-publish","format-standard","hentry","category-dd","tag-pad-sindicancia"],"acf":[],"_links":{"self":[{"href":"https:\/\/progepe.ufpr.br\/portarias\/wp-json\/wp\/v2\/posts\/68869","targetHints":{"allow":["GET"]}}],"collection":[{"href":"https:\/\/progepe.ufpr.br\/portarias\/wp-json\/wp\/v2\/posts"}],"about":[{"href":"https:\/\/progepe.ufpr.br\/portarias\/wp-json\/wp\/v2\/types\/post"}],"author":[{"embeddable":true,"href":"https:\/\/progepe.ufpr.br\/portarias\/wp-json\/wp\/v2\/users\/41"}],"replies":[{"embeddable":true,"href":"https:\/\/progepe.ufpr.br\/portarias\/wp-json\/wp\/v2\/comments?post=68869"}],"version-history":[{"count":2,"href":"https:\/\/progepe.ufpr.br\/portarias\/wp-json\/wp\/v2\/posts\/68869\/revisions"}],"predecessor-version":[{"id":125257,"href":"https:\/\/progepe.ufpr.br\/portarias\/wp-json\/wp\/v2\/posts\/68869\/revisions\/125257"}],"wp:attachment":[{"href":"https:\/\/progepe.ufpr.br\/portarias\/wp-json\/wp\/v2\/media?parent=68869"}],"wp:term":[{"taxonomy":"category","embeddable":true,"href":"https:\/\/progepe.ufpr.br\/portarias\/wp-json\/wp\/v2\/categories?post=68869"},{"taxonomy":"post_tag","embeddable":true,"href":"https:\/\/progepe.ufpr.br\/portarias\/wp-json\/wp\/v2\/tags?post=68869"}],"curies":[{"name":"wp","href":"https:\/\/api.w.org\/{rel}","templated":true}]}}