{"id":68899,"date":"2019-09-19T20:00:00","date_gmt":"2019-09-19T23:00:00","guid":{"rendered":"http:\/\/progepe.ufpr.br\/portarias\/portaria-no-520-dd-de-19-de-setembro-de-2019\/"},"modified":"2023-10-03T16:44:55","modified_gmt":"2023-10-03T19:44:55","slug":"dd-2019-00520","status":"publish","type":"post","link":"https:\/\/progepe.ufpr.br\/portarias\/dd-2019-00520\/","title":{"rendered":"PORTARIA N\u00ba 00520\/DD, DE 19 DE SETEMBRO DE 2019"},"content":{"rendered":"\n<p>O Diretor Disciplinar da Universidade Federal do Paran\u00e1, no uso de suas atribui\u00e7\u00f5es, tendo em vista a compet\u00eancia que lhe \u00e9 conferida pela Portaria n\u00ba 593\/REITORIA, de 28 de agosto de 2017, o disposto nos ar gos 191 e 192 do Regimento Geral da Universidade Federal do Paran\u00e1, e o que consta no Processo 23075.200970\/2017-91,<\/p>\n\n\n\n<p><strong>RESOLVE:<\/strong><\/p>\n\n\n\n<p>Designar o servidor JO\u00c3O CARLOS NUCCI \u2014 1352053, Professor do Magist\u00e9rio Superior, lotado no Departamento de Geografia do Setor de Ci\u00eancias da Terra; a servidora VERA L\u00daCIA MARTINS DA CONCEI\u00c7\u00c3O \u2014 3144042, T\u00e9cnica em Contabilidade, lotada na Diretoria Disciplinar; e a aluna LA\u00cdSA FERNANDA ALVES VIEIRA \u2014 \u275a\u275a\u275a.\u275a\u275a\u275a.\u275a\u275a\u275a-\u275a\u275a, acad\u00eamica do Curso de Mestrado do Programa de P\u00f3s- Gradua\u00e7\u00e3o em Direito do Setor de Ci\u00eancias Jur\u00eddicas, para, sob a presid\u00eancia do primeiro, cons tu\u00edrem Comiss\u00e3o Disciplinar des nada a apurar, no prazo de 30 (trinta) dias, os fatos de que trata o Processo 23075.200970\/2017-91.<\/p>\n","protected":false},"excerpt":{"rendered":"<p>Designar o servidor JO\u00c3O CARLOS NUCCI \u2014 1352053, Professor do Magist\u00e9rio Superior, lotado no Departamento de Geografia do Setor de Ci\u00eancias da Terra; a servidora VERA L\u00daCIA MARTINS DA CONCEI\u00c7\u00c3O \u2014 3144042, T\u00e9cnica em Contabilidade, lotada na Diretoria Disciplinar; e a aluna LA\u00cdSA FERNANDA ALVES VIEIRA \u2014 \u275a\u275a\u275a.\u275a\u275a\u275a.\u275a\u275a\u275a-\u275a\u275a, acad\u00eamica do Curso de Mestrado do Programa de P\u00f3s- Gradua\u00e7\u00e3o em Direito do Setor de Ci\u00eancias Jur\u00eddicas, para, sob a presid\u00eancia do primeiro, cons tu\u00edrem Comiss\u00e3o Disciplinar des nada a apurar, no prazo de 30 (trinta) dias, os fatos de que trata o Processo 23075.200970\/2017-91.<\/p>\n","protected":false},"author":41,"featured_media":0,"comment_status":"closed","ping_status":"open","sticky":false,"template":"","format":"standard","meta":{"_acf_changed":false,"iawp_total_views":0,"footnotes":""},"categories":[118],"tags":[132],"class_list":["post-68899","post","type-post","status-publish","format-standard","hentry","category-dd","tag-pad-sindicancia"],"acf":[],"_links":{"self":[{"href":"https:\/\/progepe.ufpr.br\/portarias\/wp-json\/wp\/v2\/posts\/68899","targetHints":{"allow":["GET"]}}],"collection":[{"href":"https:\/\/progepe.ufpr.br\/portarias\/wp-json\/wp\/v2\/posts"}],"about":[{"href":"https:\/\/progepe.ufpr.br\/portarias\/wp-json\/wp\/v2\/types\/post"}],"author":[{"embeddable":true,"href":"https:\/\/progepe.ufpr.br\/portarias\/wp-json\/wp\/v2\/users\/41"}],"replies":[{"embeddable":true,"href":"https:\/\/progepe.ufpr.br\/portarias\/wp-json\/wp\/v2\/comments?post=68899"}],"version-history":[{"count":3,"href":"https:\/\/progepe.ufpr.br\/portarias\/wp-json\/wp\/v2\/posts\/68899\/revisions"}],"predecessor-version":[{"id":252284,"href":"https:\/\/progepe.ufpr.br\/portarias\/wp-json\/wp\/v2\/posts\/68899\/revisions\/252284"}],"wp:attachment":[{"href":"https:\/\/progepe.ufpr.br\/portarias\/wp-json\/wp\/v2\/media?parent=68899"}],"wp:term":[{"taxonomy":"category","embeddable":true,"href":"https:\/\/progepe.ufpr.br\/portarias\/wp-json\/wp\/v2\/categories?post=68899"},{"taxonomy":"post_tag","embeddable":true,"href":"https:\/\/progepe.ufpr.br\/portarias\/wp-json\/wp\/v2\/tags?post=68899"}],"curies":[{"name":"wp","href":"https:\/\/api.w.org\/{rel}","templated":true}]}}