{"id":69200,"date":"2018-11-12T20:00:00","date_gmt":"2018-11-12T22:00:00","guid":{"rendered":"http:\/\/progepe.ufpr.br\/portarias\/portaria-no-238-dd-de-12-de-novembro-de-2018\/"},"modified":"2023-07-31T16:15:57","modified_gmt":"2023-07-31T19:15:57","slug":"dd-2018-00238","status":"publish","type":"post","link":"https:\/\/progepe.ufpr.br\/portarias\/dd-2018-00238\/","title":{"rendered":"PORTARIA N\u00ba 00238\/DD, DE 12 DE NOVEMBRO DE 2018"},"content":{"rendered":"\n<p>O Diretor Disciplinar da Universidade Federal do Paran\u00e1, no uso de suas atribui\u00e7\u00f5es, tendo em vista a compet\u00eancia que lhe \u00e9 conferida pela Portaria n\u00ba 593\/REITORIA, de 28 de agosto de 2017, o disposto nos ar gos 133, 138, 139, 140, 143 e 148 da Lei n\u00ba 8.112, de 11 de dezembro de 1990, e o que consta no Processo 23075.208973\/2017-73,<\/p>\n\n\n<p><strong>RESOLVE:<\/strong><\/p>\n\n\n<p>Designar as servidoras NATHALIE ANNE-MARIE DESSARTRE \u2014 1282851, Professora do Magist\u00e9rio Superior, lotada no Departamento de Letras Estrangeiras e Modernas do Setor de Ci\u00eancias Humanas, e EUNICE MARIA LINHARES CIRINO CAMARGO \u2014 0343088, Assistente em Administra\u00e7\u00e3o, lotada na Unidade de An\u00e1lise de T\u00edtulos da Pr\u00f3-Reitoria de Gest\u00e3o de Pessoas, para, sob a presid\u00eancia da primeira, cons tu\u00edrem Comiss\u00e3o de Processo Administra vo Disciplinar de rito sum\u00e1rio, des nada a apurar, no prazo de 30 (trinta) dias, poss\u00edvel pr\u00e1 ca das infra\u00e7\u00f5es funcionais de inassiduidade habitual e de abandono de cargo, atribu\u00eddas a Almir Jos\u00e9 de Lima \u2014 1170329, Fotogravador, lotado na Imprensa Universit\u00e1ria da Pr\u00f3- Reitoria de Administra\u00e7\u00e3o, em fun\u00e7\u00e3o de sua aus\u00eancia injus ficada ao servi\u00e7o nos dias 4, 5, 6, 11, 12, 13, 14, 15, 18, 19, 20, 21, 22, 25, 26, 27, 28 e 29 de setembro de 2017; 2, 3, 4, 5, 6, 9, 10, 11, 16, 17, 18, 19, 20, 23, 24, 25, 26, 27, 30 e 31 de outubro de 2017; 1\u00ba, 6, 7, 8, 9, 10, 13, 14, 16, 17, 20, 21, 22, 23, 24, 27, 28, 29 e 30 de novembro de 2017; 1\u00ba, 4, 5, 6, 7, 8, 11, 12, 13, 14, 15, 18, 19, 20, 21, 22, 26, 27, 28 e 29 de dezembro de 2017; 2, 3, 4, 5, 8, 9, 10, 11, 12, 15, 16, 17, 18, 19, 22, 23, 24, 25, 26, 29, 30 e 31 de janeiro de 2018; 1\u00ba, 2 e 8 de fevereiro de 2018; 2, 3, 4, 5, 6,  9, 10, 11, 12, 13, 16, 17, 18, 19, 20, 23, 24, 25, 26 e 27 de abril de 2018; 14, 15, 18, 19, 20, 21, 22, 25, 26, 27, 28 e 29 de junho de 2018; 2, 4, 5, 6, 9, 10, 11, 12, 13, 16, 17, 18, 19, 20, 23, 24, 25, 26, 27, 30 e 31 de julho de 2018; 1\u00ba, 2, 3, 10, 15, 16, 17, 20, 21, 22, 23, 24, 25, 26, 27, 28, 29, 30 e 31 de agosto de 2018, perfazendo um total de 172 (cento e setenta e duas) faltas em per\u00edodo inferior a doze meses, tendo deixado de comparecer ao servi\u00e7o nos per\u00edodos de 4 de setembro de 2017 a 2 de fevereiro de 2018, num total de 152 (cento e cinquenta e dois) dias consecu vos, e de 4 de julho a 3 de agosto de 2018, num total de 31 (trinta e um) dias consecu vos, conforme consta do Processo 23075.208973\/2017-73.<\/p><p><\/p>\n\n\n<div style=\"height:15px\" aria-hidden=\"true\" class=\"wp-block-spacer\"><\/div>\n\n\n<div class=\"wp-block-buttons is-content-justification-right is-layout-flex wp-container-core-buttons-is-layout-1 wp-block-buttons-is-layout-flex\">\n<div class=\"wp-block-button has-custom-font-size is-style-outline has-small-font-size is-style-outline--1\"><a class=\"wp-block-button__link\" href=\"https:\/\/progepe.ufpr.br\/portarias\/wp-content\/uploads\/pcp\/DD\/2018\/238_DD - Instaura\u00e7\u00e3o CPAD Sum\u00e1rio.pdf\" style=\"border-radius:0px\" target=\"_blank\" rel=\"noreferrer noopener\">Acesse o arquivo da portaria<\/a><\/div><\/div>\n","protected":false},"excerpt":{"rendered":"<p>Designar as servidoras NATHALIE ANNE-MARIE DESSARTRE \u2014 1282851, Professora do Magist\u00e9rio Superior, lotada no Departamento de Letras Estrangeiras e Modernas do Setor de Ci\u00eancias Humanas, e EUNICE MARIA LINHARES CIRINO CAMARGO \u2014 0343088, Assistente em Administra\u00e7\u00e3o, lotada na Unidade de An\u00e1lise de T\u00edtulos da Pr\u00f3-Reitoria de Gest\u00e3o de Pessoas, para, sob a presid\u00eancia da primeira, cons tu\u00edrem Comiss\u00e3o de Processo Administra vo Disciplinar de rito sum\u00e1rio, des nada a apurar, no prazo de 30 (trinta) dias, poss\u00edvel pr\u00e1 ca das infra\u00e7\u00f5es funcionais de inassiduidade habitual e de abandono de cargo, atribu\u00eddas a Almir Jos\u00e9 de Lima \u2014 1170329,<\/p>\n","protected":false},"author":41,"featured_media":0,"comment_status":"closed","ping_status":"open","sticky":false,"template":"","format":"standard","meta":{"_acf_changed":false,"iawp_total_views":5,"footnotes":""},"categories":[118],"tags":[132],"class_list":["post-69200","post","type-post","status-publish","format-standard","hentry","category-dd","tag-pad-sindicancia"],"acf":[],"_links":{"self":[{"href":"https:\/\/progepe.ufpr.br\/portarias\/wp-json\/wp\/v2\/posts\/69200","targetHints":{"allow":["GET"]}}],"collection":[{"href":"https:\/\/progepe.ufpr.br\/portarias\/wp-json\/wp\/v2\/posts"}],"about":[{"href":"https:\/\/progepe.ufpr.br\/portarias\/wp-json\/wp\/v2\/types\/post"}],"author":[{"embeddable":true,"href":"https:\/\/progepe.ufpr.br\/portarias\/wp-json\/wp\/v2\/users\/41"}],"replies":[{"embeddable":true,"href":"https:\/\/progepe.ufpr.br\/portarias\/wp-json\/wp\/v2\/comments?post=69200"}],"version-history":[{"count":1,"href":"https:\/\/progepe.ufpr.br\/portarias\/wp-json\/wp\/v2\/posts\/69200\/revisions"}],"predecessor-version":[{"id":125426,"href":"https:\/\/progepe.ufpr.br\/portarias\/wp-json\/wp\/v2\/posts\/69200\/revisions\/125426"}],"wp:attachment":[{"href":"https:\/\/progepe.ufpr.br\/portarias\/wp-json\/wp\/v2\/media?parent=69200"}],"wp:term":[{"taxonomy":"category","embeddable":true,"href":"https:\/\/progepe.ufpr.br\/portarias\/wp-json\/wp\/v2\/categories?post=69200"},{"taxonomy":"post_tag","embeddable":true,"href":"https:\/\/progepe.ufpr.br\/portarias\/wp-json\/wp\/v2\/tags?post=69200"}],"curies":[{"name":"wp","href":"https:\/\/api.w.org\/{rel}","templated":true}]}}