{"id":69234,"date":"2018-01-18T20:00:00","date_gmt":"2018-01-18T22:00:00","guid":{"rendered":"http:\/\/progepe.ufpr.br\/portarias\/portaria-no-53-dd-de-18-de-janeiro-de-2018\/"},"modified":"2024-04-22T15:04:18","modified_gmt":"2024-04-22T18:04:18","slug":"dd-2018-00053","status":"publish","type":"post","link":"https:\/\/progepe.ufpr.br\/portarias\/dd-2018-00053\/","title":{"rendered":"PORTARIA N\u00ba 00053\/DD, DE 18 DE JANEIRO DE 2018"},"content":{"rendered":"\n<p style=\"padding-left:43%\">O Diretor Disciplinar da Universidade Federal do Paran\u00e1, no uso de suas atribui\u00e7\u00f5es, tendo em vista a compet\u00eancia que lhe \u00e9 conferida pela Portaria n\u00ba 593\/REITORIA, de 28 de agosto de 2017, o disposto no artigo 143 da Lei n\u00ba 8.112, de 11 de dezembro de 1990, no artigo 4\u00ba, inciso II, e artigo 15, \u00a7 5\u00ba da Portaria CGU n\u00ba 335, de 30 de maio de 2006, e o que consta no processo n\u00ba 23075.168894\/2017-12,<\/p>\n\n\n\n<p style=\"padding-left:43%\"><strong>RESOLVE:<\/strong><\/p>\n\n\n\n<p>Designar as servidoras ELIANE APARECIDA DE NARDIN DA COSTA &#8211; 2065668, Assistente em Administra\u00e7\u00e3o, lotada no Departamento de F\u00edsica do Setor de Ci\u00eancias Exatas; e MICHELLE BARBOSA GOMES &#8211; 2078240, Assistente em Administra\u00e7\u00e3o, lotada na Coordena\u00e7\u00e3o do Curso de Engenharia Ambiental do Setor de Tecnologia, para, sob a presid\u00eancia da primeira, constitu\u00edrem Comiss\u00e3o de Sindic\u00e2ncia Investigativa destinada a apurar, no prazo de 30 (trinta) dias, os fatos de que trata o Processo 23075.168894\/2017-12, bem como proceder ao exame dos fatos conexos que emergirem no decorrer dos trabalhos.<\/p>\n","protected":false},"excerpt":{"rendered":"<p>Designar as servidoras ELIANE APARECIDA DE NARDIN DA COSTA &#8211; 2065668, Assistente em Administra\u00e7\u00e3o, lotada no Departamento de F\u00edsica do Setor de Ci\u00eancias Exatas; e MICHELLE BARBOSA GOMES &#8211; 2078240, Assistente em Administra\u00e7\u00e3o, lotada na Coordena\u00e7\u00e3o do Curso de Engenharia Ambiental do Setor de Tecnologia, para, sob a presid\u00eancia da primeira, constitu\u00edrem Comiss\u00e3o de Sindic\u00e2ncia Investigativa destinada a apurar, no prazo de 30 (trinta) dias, os fatos de que trata o Processo 23075.168894\/2017-12, bem como proceder ao exame dos fatos conexos que emergirem no decorrer dos trabalhos.<\/p>\n","protected":false},"author":41,"featured_media":0,"comment_status":"closed","ping_status":"open","sticky":false,"template":"","format":"standard","meta":{"_acf_changed":false,"iawp_total_views":0,"footnotes":""},"categories":[118],"tags":[132],"class_list":["post-69234","post","type-post","status-publish","format-standard","hentry","category-dd","tag-pad-sindicancia"],"acf":[],"_links":{"self":[{"href":"https:\/\/progepe.ufpr.br\/portarias\/wp-json\/wp\/v2\/posts\/69234","targetHints":{"allow":["GET"]}}],"collection":[{"href":"https:\/\/progepe.ufpr.br\/portarias\/wp-json\/wp\/v2\/posts"}],"about":[{"href":"https:\/\/progepe.ufpr.br\/portarias\/wp-json\/wp\/v2\/types\/post"}],"author":[{"embeddable":true,"href":"https:\/\/progepe.ufpr.br\/portarias\/wp-json\/wp\/v2\/users\/41"}],"replies":[{"embeddable":true,"href":"https:\/\/progepe.ufpr.br\/portarias\/wp-json\/wp\/v2\/comments?post=69234"}],"version-history":[{"count":4,"href":"https:\/\/progepe.ufpr.br\/portarias\/wp-json\/wp\/v2\/posts\/69234\/revisions"}],"predecessor-version":[{"id":255549,"href":"https:\/\/progepe.ufpr.br\/portarias\/wp-json\/wp\/v2\/posts\/69234\/revisions\/255549"}],"wp:attachment":[{"href":"https:\/\/progepe.ufpr.br\/portarias\/wp-json\/wp\/v2\/media?parent=69234"}],"wp:term":[{"taxonomy":"category","embeddable":true,"href":"https:\/\/progepe.ufpr.br\/portarias\/wp-json\/wp\/v2\/categories?post=69234"},{"taxonomy":"post_tag","embeddable":true,"href":"https:\/\/progepe.ufpr.br\/portarias\/wp-json\/wp\/v2\/tags?post=69234"}],"curies":[{"name":"wp","href":"https:\/\/api.w.org\/{rel}","templated":true}]}}