{"id":69270,"date":"2018-03-27T20:00:00","date_gmt":"2018-03-27T23:00:00","guid":{"rendered":"http:\/\/progepe.ufpr.br\/portarias\/portaria-no-89-dd-de-27-de-marco-de-2018\/"},"modified":"2023-07-31T16:16:01","modified_gmt":"2023-07-31T19:16:01","slug":"dd-2018-00089","status":"publish","type":"post","link":"https:\/\/progepe.ufpr.br\/portarias\/dd-2018-00089\/","title":{"rendered":"PORTARIA N\u00ba 00089\/DD, DE 27 DE MAR\u00c7O DE 2018"},"content":{"rendered":"\n<p>O Diretor Disciplinar da Universidade Federal do Paran\u00e1, no uso de suas atribui\u00e7\u00f5es, tendo em vista a compet\u00eancia que lhe \u00e9 conferida pela Portaria n\u00ba 593\/REITORIA, de 28 de agosto de 2017, o disposto no ar go 143 da Lei n\u00ba 8.112, de 11 de dezembro de 1990, no ar go 4\u00ba, inciso II, e ar go 15, \u00a75\u00ba, da Portaria CGU n\u00ba 335, de 30 de maio de 2006, e o que consta no Processo 23075.250933\/2016-43,<\/p>\n\n\n<p><strong>RESOLVE:<\/strong><\/p>\n\n\n<p>Designar os servidores ROSILEI VILAS BOAS \u2014 2170439, Bibliotec\u00e1ria-Documentalista, lotada na Biblioteca de Ci\u00eancias Biol\u00f3gicas do Sistema de Bibliotecas da UFPR; e DENIS ALBERT VAZ NUNES \u2014 2999477, Assistente em Administra\u00e7\u00e3o, lotado na Superintend\u00eancia de Infraestrutura, para, sob a presid\u00eancia da primeira, cons tu\u00edrem Comiss\u00e3o de Sindic\u00e2ncia Inves ga va des nada a apurar, no prazo de 30 (trinta) dias, os fatos de que trata o Processo 23075.250933\/2016-43, bem como proceder ao exame dos fatos conexos que emergirem no decorrer dos trabalhos.<\/p><p><\/p>\n\n\n<div style=\"height:15px\" aria-hidden=\"true\" class=\"wp-block-spacer\"><\/div>\n\n\n<div class=\"wp-block-buttons is-content-justification-right is-layout-flex wp-container-core-buttons-is-layout-1 wp-block-buttons-is-layout-flex\">\n<div class=\"wp-block-button has-custom-font-size is-style-outline has-small-font-size is-style-outline--1\"><a class=\"wp-block-button__link\" href=\"https:\/\/progepe.ufpr.br\/portarias\/wp-content\/uploads\/pcp\/DD\/2018\/89_DD - Instaura\u00e7\u00e3o CSI.pdf\" style=\"border-radius:0px\" target=\"_blank\" rel=\"noreferrer noopener\">Acesse o arquivo da portaria<\/a><\/div><\/div>\n","protected":false},"excerpt":{"rendered":"<p>Designar os servidores ROSILEI VILAS BOAS \u2014 2170439, Bibliotec\u00e1ria-Documentalista, lotada na Biblioteca de Ci\u00eancias Biol\u00f3gicas do Sistema de Bibliotecas da UFPR; e DENIS ALBERT VAZ NUNES \u2014 2999477, Assistente em Administra\u00e7\u00e3o, lotado na Superintend\u00eancia de Infraestrutura, para, sob a presid\u00eancia da primeira, cons tu\u00edrem Comiss\u00e3o de Sindic\u00e2ncia Inves ga va des nada a apurar, no prazo de 30 (trinta) dias, os fatos de que trata o Processo 23075.250933\/2016-43, bem como proceder ao exame dos fatos conexos que emergirem no decorrer dos trabalhos.  {&#8220;height&#8221;:&#8221;15px&#8221;} <\/p>\n<div style=\"height:15px\" aria-hidden=\"true\" class=\"wp-block-spacer\"> <!-- \/wp:spacer  {\"layout\":{\"type\":\"flex\",\"justifyContent\":\"right\"}} \n\n<div class=\"wp-block-buttons\"><!-- wp:button {\"style\":{\"border\":{\"radius\":\"0px\"}},\"className\":\"is-style-outline\",\"fontSize\":\"small\"} \n\n<div class=\"wp-block-button \n\n","protected":false},"author":41,"featured_media":0,"comment_status":"closed","ping_status":"open","sticky":false,"template":"","format":"standard","meta":{"_acf_changed":false,"iawp_total_views":0,"footnotes":""},"categories":[118],"tags":[132],"class_list":["post-69270","post","type-post","status-publish","format-standard","hentry","category-dd","tag-pad-sindicancia"],"acf":[],"_links":{"self":[{"href":"https:\/\/progepe.ufpr.br\/portarias\/wp-json\/wp\/v2\/posts\/69270","targetHints":{"allow":["GET"]}}],"collection":[{"href":"https:\/\/progepe.ufpr.br\/portarias\/wp-json\/wp\/v2\/posts"}],"about":[{"href":"https:\/\/progepe.ufpr.br\/portarias\/wp-json\/wp\/v2\/types\/post"}],"author":[{"embeddable":true,"href":"https:\/\/progepe.ufpr.br\/portarias\/wp-json\/wp\/v2\/users\/41"}],"replies":[{"embeddable":true,"href":"https:\/\/progepe.ufpr.br\/portarias\/wp-json\/wp\/v2\/comments?post=69270"}],"version-history":[{"count":2,"href":"https:\/\/progepe.ufpr.br\/portarias\/wp-json\/wp\/v2\/posts\/69270\/revisions"}],"predecessor-version":[{"id":125480,"href":"https:\/\/progepe.ufpr.br\/portarias\/wp-json\/wp\/v2\/posts\/69270\/revisions\/125480"}],"wp:attachment":[{"href":"https:\/\/progepe.ufpr.br\/portarias\/wp-json\/wp\/v2\/media?parent=69270"}],"wp:term":[{"taxonomy":"category","embeddable":true,"href":"https:\/\/progepe.ufpr.br\/portarias\/wp-json\/wp\/v2\/categories?post=69270"},{"taxonomy":"post_tag","embeddable":true,"href":"https:\/\/progepe.ufpr.br\/portarias\/wp-json\/wp\/v2\/tags?post=69270"}],"curies":[{"name":"wp","href":"https:\/\/api.w.org\/{rel}","templated":true}]}}