{"id":69560,"date":"2018-12-21T20:00:00","date_gmt":"2018-12-21T22:00:00","guid":{"rendered":"http:\/\/progepe.ufpr.br\/portarias\/?p=69560"},"modified":"2023-07-31T16:16:06","modified_gmt":"2023-07-31T19:16:06","slug":"dd-2018-00268","status":"publish","type":"post","link":"https:\/\/progepe.ufpr.br\/portarias\/dd-2018-00268\/","title":{"rendered":"PORTARIA N\u00ba 00268\/DD, DE 21 DE DEZEMBRO DE 2018"},"content":{"rendered":"\n<p>O DIRETOR DISCIPLINAR DA UNIVERSIDADE FEDERAL DO PARAN\u00c1, no uso de suas atribui\u00e7\u00f5es, tendo em vista a compet\u00eancia que lhe \u00e9 conferida pela Portaria n\u00ba 593\/REITORIA, de 28 de agosto de 2017, e o disposto nos artigos 143, 148, 149 e 152 da Lei n\u00ba 8.112\/90,<\/p>\n\n\n\n<p>RESOLVE:<\/p>\n\n\n\n<p>Art. 1\u00ba &#8211; Sobrestar o Processo 23075.025493\/2013-45, de 20 de dezembro de 2018 at\u00e9 1\u00ba de fevereiro de 2019, em fun\u00e7\u00e3o de recesso administrativo e do gozo de f\u00e9rias dos membros da Comiss\u00e3o de Processo Administrativo Disciplinar, designada pela Portaria n\u00ba 244\/DD, de 19 de novembro de 2018, publicada no Di\u00e1rio Oficial da Uni\u00e3o em 20 de novembro de 2018.<\/p>\n\n\n\n<p>Art. 2\u00ba &#8211; Designar os servidores ARTHUR MEDEIROS, Professor do Magist\u00e9rio Superior do quadro de pessoal da Universidade Tecnol\u00f3gica Federal do Paran\u00e1, de matr\u00edcula SIAPE n\u00ba 2145790; ROGERIO DE JESUS HULTMANN, Estat\u00edstico do quadro de pessoal da Universidade Federal do Paran\u00e1, de matr\u00edcula SIAPE n\u00ba 2249553; e RAFAEL JULI\u00c3O EVANGELISTA, Auxiliar em Administra\u00e7\u00e3o do quadro de pessoal da Universidade Federal do Paran\u00e1, de matr\u00edcula SIAPE n\u00ba 2245084, para, sob a presid\u00eancia do primeiro, constitu\u00edrem Comiss\u00e3o de Processo Administrativo Disciplinar destinada a dar continuidade, no prazo de 60 (sessenta) dias a contar de 2 de fevereiro 2019, aos trabalhos de apura\u00e7\u00e3o dos fatos de que trata o Processo 23075.025493\/2013-45, com aproveitamento de todos os atos praticados e provas colhidas at\u00e9 o presente momento, bem como proceder ao exame dos atos e fatos conexos que emergirem no decorrer dos trabalhos.<\/p>\n\n\n\n<p>Art. 3\u00ba &#8211; Esta Portaria entra em vigor na data de sua publica\u00e7\u00e3o no Di\u00e1rio Oficial da Uni\u00e3o.<\/p>\n","protected":false},"excerpt":{"rendered":"<p>Art. 1\u00ba &#8211; Sobrestar o Processo 23075.025493\/2013-45, de 20 de dezembro de 2018 at\u00e9 1\u00ba de fevereiro de 2019, em fun\u00e7\u00e3o de recesso administrativo e do gozo de f\u00e9rias dos membros da Comiss\u00e3o de Processo Administrativo Disciplinar, designada pela Portaria n\u00ba 244\/DD, de 19 de novembro de 2018, publicada no Di\u00e1rio Oficial da Uni\u00e3o em 20 de novembro de 2018.  Art. 2\u00ba &#8211; Designar os servidores ARTHUR MEDEIROS, Professor do Magist\u00e9rio Superior do quadro de pessoal da Universidade Tecnol\u00f3gica Federal do Paran\u00e1, de matr\u00edcula SIAPE n\u00ba 2145790; ROGERIO DE JESUS HULTMANN, Estat\u00edstico do quadro de pessoal da<\/p>\n","protected":false},"author":39,"featured_media":0,"comment_status":"closed","ping_status":"open","sticky":false,"template":"","format":"standard","meta":{"_acf_changed":false,"iawp_total_views":0,"footnotes":""},"categories":[118],"tags":[132],"class_list":["post-69560","post","type-post","status-publish","format-standard","hentry","category-dd","tag-pad-sindicancia"],"acf":[],"_links":{"self":[{"href":"https:\/\/progepe.ufpr.br\/portarias\/wp-json\/wp\/v2\/posts\/69560","targetHints":{"allow":["GET"]}}],"collection":[{"href":"https:\/\/progepe.ufpr.br\/portarias\/wp-json\/wp\/v2\/posts"}],"about":[{"href":"https:\/\/progepe.ufpr.br\/portarias\/wp-json\/wp\/v2\/types\/post"}],"author":[{"embeddable":true,"href":"https:\/\/progepe.ufpr.br\/portarias\/wp-json\/wp\/v2\/users\/39"}],"replies":[{"embeddable":true,"href":"https:\/\/progepe.ufpr.br\/portarias\/wp-json\/wp\/v2\/comments?post=69560"}],"version-history":[{"count":6,"href":"https:\/\/progepe.ufpr.br\/portarias\/wp-json\/wp\/v2\/posts\/69560\/revisions"}],"predecessor-version":[{"id":125534,"href":"https:\/\/progepe.ufpr.br\/portarias\/wp-json\/wp\/v2\/posts\/69560\/revisions\/125534"}],"wp:attachment":[{"href":"https:\/\/progepe.ufpr.br\/portarias\/wp-json\/wp\/v2\/media?parent=69560"}],"wp:term":[{"taxonomy":"category","embeddable":true,"href":"https:\/\/progepe.ufpr.br\/portarias\/wp-json\/wp\/v2\/categories?post=69560"},{"taxonomy":"post_tag","embeddable":true,"href":"https:\/\/progepe.ufpr.br\/portarias\/wp-json\/wp\/v2\/tags?post=69560"}],"curies":[{"name":"wp","href":"https:\/\/api.w.org\/{rel}","templated":true}]}}