{"id":70207,"date":"2019-07-11T05:03:00","date_gmt":"2019-07-11T08:03:00","guid":{"rendered":"http:\/\/progepe.ufpr.br\/portarias\/rt-2019-00539\/"},"modified":"2023-08-03T13:15:32","modified_gmt":"2023-08-03T16:15:32","slug":"rt-2019-00539","status":"publish","type":"post","link":"https:\/\/progepe.ufpr.br\/portarias\/rt-2019-00539\/","title":{"rendered":"PORTARIA N\u00ba 00539\/REITORIA, DE 11 DE JULHO DE 2019"},"content":{"rendered":"\n<p>A Vice-Reitora da Universidade Federal do Paran\u00e1, no exerc\u00edcio do cargo de Reitora, no uso de suas atribui\u00e7\u00f5es, nos termos da Lei n\u00ba 12.772\/2012, Art. 30, Inciso II e tendo em vista o que consta no processo n\u00ba 23075.027341\/2019-72,<\/p>\n\n\n<p><strong>RESOLVE:<\/strong><\/p>\n\n\n<p>I. Conceder afastamento para prestar colabora\u00e7\u00e3o t\u00e9cnica junto \u00e0 Universidade de Bras\u00edlia &#8211; UnB, com remunera\u00e7\u00e3o, no per\u00edodo de 02 (dois) anos, a partir da data de publica\u00e7\u00e3o em DOU, para a servidora LANA MAGALY PIRES &#8211; 342038, ocupante do cargo de Professora do Magist\u00e9rio Superior, lotada no Departamento de Nutri\u00e7\u00e3o do Setor de Ci\u00eancias da Sa\u00fade.<\/p><p> II. A presente autoriza\u00e7\u00e3o fica condicionada \u00e0 obrigatoriedade de apresenta\u00e7\u00e3o de relat\u00f3rios semestrais, por parte da docente Lana Magaly Pires, \u00e0 UFPR\/DNUT, com o detalhamento das atividades desenvolvidas relacionadas ao projeto de trabalho, com a devida valida\u00e7\u00e3o da Coordena\u00e7\u00e3o do Projeto, na UnB.<\/p><p> III. Os referidos relat\u00f3rios semestrais dever\u00e3o ser encaminhados, no rigor dos prazos semestrais, ao Departamento de Nutri\u00e7\u00e3o da Universidade Federal do Paran\u00e1.<\/p><p> IV. Fica sob a responsabilidade da Universidade de Bras\u00edlia &#8211; UnB, o encaminhamento da frequ\u00eancia da citada servidora, at\u00e9 o 5\u00b0 (quinto) dia \u00fatil de cada m\u00eas, para a Universidade Federal do Paran\u00e1.<\/p><p><\/p>\n\n\n<div style=\"height:15px\" aria-hidden=\"true\" class=\"wp-block-spacer\"><\/div>\n\n\n<div class=\"wp-block-buttons is-content-justification-right is-layout-flex wp-container-core-buttons-is-layout-1 wp-block-buttons-is-layout-flex\">\n<div class=\"wp-block-button has-custom-font-size is-style-outline has-small-font-size is-style-outline--1\"><a class=\"wp-block-button__link\" href=\"https:\/\/progepe.ufpr.br\/portarias\/wp-content\/uploads\/pcp\/RT\/2019\/539R.pdf\" style=\"border-radius:0px\" target=\"_blank\" rel=\"noreferrer noopener\">Acesse o arquivo da portaria<\/a><\/div><\/div>\n","protected":false},"excerpt":{"rendered":"<p>I. Conceder afastamento para prestar colabora\u00e7\u00e3o t\u00e9cnica junto \u00e0 Universidade de Bras\u00edlia &#8211; UnB, com remunera\u00e7\u00e3o, no per\u00edodo de 02 (dois) anos, a partir da data de publica\u00e7\u00e3o em DOU, para a servidora LANA MAGALY PIRES &#8211; 342038, ocupante do cargo de Professora do Magist\u00e9rio Superior, lotada no Departamento de Nutri\u00e7\u00e3o do Setor de Ci\u00eancias da Sa\u00fade. II. A presente autoriza\u00e7\u00e3o fica condicionada \u00e0 obrigatoriedade de apresenta\u00e7\u00e3o de relat\u00f3rios semestrais, por parte da docente Lana Magaly Pires, \u00e0 UFPR\/DNUT, com o detalhamento das atividades desenvolvidas relacionadas ao projeto de trabalho, com a devida valida\u00e7\u00e3o da Coordena\u00e7\u00e3o do Projeto,<\/p>\n","protected":false},"author":41,"featured_media":0,"comment_status":"closed","ping_status":"open","sticky":false,"template":"","format":"standard","meta":{"_acf_changed":false,"iawp_total_views":0,"footnotes":""},"categories":[117],"tags":[123],"class_list":["post-70207","post","type-post","status-publish","format-standard","hentry","category-rt","tag-afastamento-licenca"],"acf":[],"_links":{"self":[{"href":"https:\/\/progepe.ufpr.br\/portarias\/wp-json\/wp\/v2\/posts\/70207","targetHints":{"allow":["GET"]}}],"collection":[{"href":"https:\/\/progepe.ufpr.br\/portarias\/wp-json\/wp\/v2\/posts"}],"about":[{"href":"https:\/\/progepe.ufpr.br\/portarias\/wp-json\/wp\/v2\/types\/post"}],"author":[{"embeddable":true,"href":"https:\/\/progepe.ufpr.br\/portarias\/wp-json\/wp\/v2\/users\/41"}],"replies":[{"embeddable":true,"href":"https:\/\/progepe.ufpr.br\/portarias\/wp-json\/wp\/v2\/comments?post=70207"}],"version-history":[{"count":1,"href":"https:\/\/progepe.ufpr.br\/portarias\/wp-json\/wp\/v2\/posts\/70207\/revisions"}],"predecessor-version":[{"id":125558,"href":"https:\/\/progepe.ufpr.br\/portarias\/wp-json\/wp\/v2\/posts\/70207\/revisions\/125558"}],"wp:attachment":[{"href":"https:\/\/progepe.ufpr.br\/portarias\/wp-json\/wp\/v2\/media?parent=70207"}],"wp:term":[{"taxonomy":"category","embeddable":true,"href":"https:\/\/progepe.ufpr.br\/portarias\/wp-json\/wp\/v2\/categories?post=70207"},{"taxonomy":"post_tag","embeddable":true,"href":"https:\/\/progepe.ufpr.br\/portarias\/wp-json\/wp\/v2\/tags?post=70207"}],"curies":[{"name":"wp","href":"https:\/\/api.w.org\/{rel}","templated":true}]}}