{"id":70224,"date":"2019-09-06T05:06:00","date_gmt":"2019-09-06T08:06:00","guid":{"rendered":"http:\/\/progepe.ufpr.br\/portarias\/rt-2019-00743\/"},"modified":"2023-08-03T13:16:00","modified_gmt":"2023-08-03T16:16:00","slug":"rt-2019-00743","status":"publish","type":"post","link":"https:\/\/progepe.ufpr.br\/portarias\/rt-2019-00743\/","title":{"rendered":"PORTARIA N\u00ba 00743\/REITORIA, DE 06 DE SETEMBRO DE 2019"},"content":{"rendered":"\n<p>O Reitor da Universidade Federal do Paran\u00e1, no uso de suas atribui\u00e7\u00f5es, considerando o constante no Art. 91 da Lei n\u00ba 8.112\/90, com reda\u00e7\u00e3o dada pela Lei n\u00ba 9.527\/97 e ainda o que consta no processo n\u00ba 23075.049416\/2019-76,<\/p>\n\n\n<p><strong>RESOLVE:<\/strong><\/p>\n\n\n<p>Prorrogar a licen\u00e7a para tratar de interesses particulares, sem remunera\u00e7\u00e3o, no per\u00edodo de 05 outubro de 2019 a 04 de outubro de 2020, da servidora KARLA CLOSS FONSECA &#8211; 2566074, ocupante do cargo de Professor do Magist\u00e9rio Superior, lotada no Departamento de Administra\u00e7\u00e3o Geral e Aplicada do Setor de Ci\u00eancias Sociais Aplicadas.<\/p><p><\/p>\n\n\n<div style=\"height:15px\" aria-hidden=\"true\" class=\"wp-block-spacer\"><\/div>\n\n\n<div class=\"wp-block-buttons is-content-justification-right is-layout-flex wp-container-core-buttons-is-layout-1 wp-block-buttons-is-layout-flex\">\n<div class=\"wp-block-button has-custom-font-size is-style-outline has-small-font-size is-style-outline--1\"><a class=\"wp-block-button__link\" href=\"https:\/\/progepe.ufpr.br\/portarias\/wp-content\/uploads\/pcp\/RT\/2019\/743R.pdf\" style=\"border-radius:0px\" target=\"_blank\" rel=\"noreferrer noopener\">Acesse o arquivo da portaria<\/a><\/div><\/div>\n","protected":false},"excerpt":{"rendered":"<p>Prorrogar a licen\u00e7a para tratar de interesses particulares, sem remunera\u00e7\u00e3o, no per\u00edodo de 05 outubro de 2019 a 04 de outubro de 2020, da servidora KARLA CLOSS FONSECA &#8211; 2566074, ocupante do cargo de Professor do Magist\u00e9rio Superior, lotada no Departamento de Administra\u00e7\u00e3o Geral e Aplicada do Setor de Ci\u00eancias Sociais Aplicadas.  {&#8220;height&#8221;:&#8221;15px&#8221;} <\/p>\n<div style=\"height:15px\" aria-hidden=\"true\" class=\"wp-block-spacer\"> <!-- \/wp:spacer  {\"layout\":{\"type\":\"flex\",\"justifyContent\":\"right\"}} \n\n<div class=\"wp-block-buttons\"><!-- wp:button {\"style\":{\"border\":{\"radius\":\"0px\"}},\"className\":\"is-style-outline\",\"fontSize\":\"small\"} \n\n<div class=\"wp-block-button has-custom-font-size is-style-outline has-small-font-size\"><a class=\"wp-block-button__link\" href=\"https:\/\/progepe.ufpr.br\/portarias\/wp-content\/uploads\/pcp\/RT\/2019\/743R.pdf\" style=\"border-radius:0px\" target=\"_blank\" rel=\"noreferrer noopener\">Acesse o arquivo da portaria<\/a><!-- \/wp:button <!-- \/wp:buttons\n<\/p>\n","protected":false},"author":41,"featured_media":0,"comment_status":"closed","ping_status":"open","sticky":false,"template":"","format":"standard","meta":{"_acf_changed":false,"iawp_total_views":0,"footnotes":""},"categories":[117],"tags":[123],"class_list":["post-70224","post","type-post","status-publish","format-standard","hentry","category-rt","tag-afastamento-licenca"],"acf":[],"_links":{"self":[{"href":"https:\/\/progepe.ufpr.br\/portarias\/wp-json\/wp\/v2\/posts\/70224","targetHints":{"allow":["GET"]}}],"collection":[{"href":"https:\/\/progepe.ufpr.br\/portarias\/wp-json\/wp\/v2\/posts"}],"about":[{"href":"https:\/\/progepe.ufpr.br\/portarias\/wp-json\/wp\/v2\/types\/post"}],"author":[{"embeddable":true,"href":"https:\/\/progepe.ufpr.br\/portarias\/wp-json\/wp\/v2\/users\/41"}],"replies":[{"embeddable":true,"href":"https:\/\/progepe.ufpr.br\/portarias\/wp-json\/wp\/v2\/comments?post=70224"}],"version-history":[{"count":1,"href":"https:\/\/progepe.ufpr.br\/portarias\/wp-json\/wp\/v2\/posts\/70224\/revisions"}],"predecessor-version":[{"id":125575,"href":"https:\/\/progepe.ufpr.br\/portarias\/wp-json\/wp\/v2\/posts\/70224\/revisions\/125575"}],"wp:attachment":[{"href":"https:\/\/progepe.ufpr.br\/portarias\/wp-json\/wp\/v2\/media?parent=70224"}],"wp:term":[{"taxonomy":"category","embeddable":true,"href":"https:\/\/progepe.ufpr.br\/portarias\/wp-json\/wp\/v2\/categories?post=70224"},{"taxonomy":"post_tag","embeddable":true,"href":"https:\/\/progepe.ufpr.br\/portarias\/wp-json\/wp\/v2\/tags?post=70224"}],"curies":[{"name":"wp","href":"https:\/\/api.w.org\/{rel}","templated":true}]}}