{"id":70234,"date":"2019-08-21T05:00:00","date_gmt":"2019-08-21T08:00:00","guid":{"rendered":"http:\/\/progepe.ufpr.br\/portarias\/rt-2019-00693\/"},"modified":"2023-08-03T13:15:54","modified_gmt":"2023-08-03T16:15:54","slug":"rt-2019-00693","status":"publish","type":"post","link":"https:\/\/progepe.ufpr.br\/portarias\/rt-2019-00693\/","title":{"rendered":"PORTARIA N\u00ba 00693\/REITORIA, DE 21 DE AGOSTO DE 2019"},"content":{"rendered":"\n<p>O Reitor da Universidade Federal do Paran\u00e1, no uso de suas atribui\u00e7\u00f5es e tendo em vista o que consta no processo n\u00ba 23075.053683\/2019-48,<\/p>\n\n\n<p><strong>RESOLVE:<\/strong><\/p>\n\n\n<p>I. Tendo em vista o que consta no Art. 93 da Lei n\u00ba 8.112\/1990; Art. 7\u00ba da Lei n\u00ba 12.550\/2011; e, Inciso II do Art. 3\u00ba da Portaria n\u00ba 1.128\/MEC, de 15 de dezembro de 2015, autorizar, a partir da data de publica\u00e7\u00e3o em DOU, a cess\u00e3o da servidora DAFNE WANDRESSA SALVADOR &#8211; 2314094, ocupante do cargo de Rela\u00e7\u00f5es P\u00fablicas, lotada na Assessoria de Comunica\u00e7\u00e3o do Reitor, para a Empresa Brasileira de Servi\u00e7os Hospitalares (EBSERH) do Minist\u00e9rio da Educa\u00e7\u00e3o.<\/p><p> II. Manter a referida servidora em folha de pagamento da Institui\u00e7\u00e3o, por tratar-se de cess\u00e3o para \u00f3rg\u00e3o dos Poderes da Uni\u00e3o.<\/p><p> III. Fica sob a responsabilidade da EBSERH do Minist\u00e9rio da Educa\u00e7\u00e3o, o encaminhamento da frequ\u00eancia da servidora, at\u00e9 o 5\u00b0 (quinto) dia \u00fatil de cada m\u00eas junto a esta Institui\u00e7\u00e3o.<\/p><p><\/p>\n\n\n<div style=\"height:15px\" aria-hidden=\"true\" class=\"wp-block-spacer\"><\/div>\n\n\n<div class=\"wp-block-buttons is-content-justification-right is-layout-flex wp-container-core-buttons-is-layout-1 wp-block-buttons-is-layout-flex\">\n<div class=\"wp-block-button has-custom-font-size is-style-outline has-small-font-size is-style-outline--1\"><a class=\"wp-block-button__link\" href=\"https:\/\/progepe.ufpr.br\/portarias\/wp-content\/uploads\/pcp\/RT\/2019\/693R.pdf\" style=\"border-radius:0px\" target=\"_blank\" rel=\"noreferrer noopener\">Acesse o arquivo da portaria<\/a><\/div><\/div>\n","protected":false},"excerpt":{"rendered":"<p>I. Tendo em vista o que consta no Art. 93 da Lei n\u00ba 8.112\/1990; Art. 7\u00ba da Lei n\u00ba 12.550\/2011; e, Inciso II do Art. 3\u00ba da Portaria n\u00ba 1.128\/MEC, de 15 de dezembro de 2015, autorizar, a partir da data de publica\u00e7\u00e3o em DOU, a cess\u00e3o da servidora DAFNE WANDRESSA SALVADOR &#8211; 2314094, ocupante do cargo de Rela\u00e7\u00f5es P\u00fablicas, lotada na Assessoria de Comunica\u00e7\u00e3o do Reitor, para a Empresa Brasileira de Servi\u00e7os Hospitalares (EBSERH) do Minist\u00e9rio da Educa\u00e7\u00e3o. II. Manter a referida servidora em folha de pagamento da Institui\u00e7\u00e3o, por tratar-se de cess\u00e3o para \u00f3rg\u00e3o dos Poderes<\/p>\n","protected":false},"author":41,"featured_media":0,"comment_status":"closed","ping_status":"open","sticky":false,"template":"","format":"standard","meta":{"_acf_changed":false,"iawp_total_views":1,"footnotes":""},"categories":[117],"tags":[127],"class_list":["post-70234","post","type-post","status-publish","format-standard","hentry","category-rt","tag-cessao"],"acf":[],"_links":{"self":[{"href":"https:\/\/progepe.ufpr.br\/portarias\/wp-json\/wp\/v2\/posts\/70234","targetHints":{"allow":["GET"]}}],"collection":[{"href":"https:\/\/progepe.ufpr.br\/portarias\/wp-json\/wp\/v2\/posts"}],"about":[{"href":"https:\/\/progepe.ufpr.br\/portarias\/wp-json\/wp\/v2\/types\/post"}],"author":[{"embeddable":true,"href":"https:\/\/progepe.ufpr.br\/portarias\/wp-json\/wp\/v2\/users\/41"}],"replies":[{"embeddable":true,"href":"https:\/\/progepe.ufpr.br\/portarias\/wp-json\/wp\/v2\/comments?post=70234"}],"version-history":[{"count":1,"href":"https:\/\/progepe.ufpr.br\/portarias\/wp-json\/wp\/v2\/posts\/70234\/revisions"}],"predecessor-version":[{"id":125585,"href":"https:\/\/progepe.ufpr.br\/portarias\/wp-json\/wp\/v2\/posts\/70234\/revisions\/125585"}],"wp:attachment":[{"href":"https:\/\/progepe.ufpr.br\/portarias\/wp-json\/wp\/v2\/media?parent=70234"}],"wp:term":[{"taxonomy":"category","embeddable":true,"href":"https:\/\/progepe.ufpr.br\/portarias\/wp-json\/wp\/v2\/categories?post=70234"},{"taxonomy":"post_tag","embeddable":true,"href":"https:\/\/progepe.ufpr.br\/portarias\/wp-json\/wp\/v2\/tags?post=70234"}],"curies":[{"name":"wp","href":"https:\/\/api.w.org\/{rel}","templated":true}]}}