{"id":70319,"date":"2019-05-09T05:00:00","date_gmt":"2019-05-09T08:00:00","guid":{"rendered":"http:\/\/progepe.ufpr.br\/portarias\/rt-2019-00404\/"},"modified":"2023-08-03T13:15:14","modified_gmt":"2023-08-03T16:15:14","slug":"rt-2019-00404","status":"publish","type":"post","link":"https:\/\/progepe.ufpr.br\/portarias\/rt-2019-00404\/","title":{"rendered":"PORTARIA N\u00ba 00404\/REITORIA, DE 09 DE MAIO DE 2019"},"content":{"rendered":"\n<p>O Reitor da Universidade Federal do Paran\u00e1, no uso de suas atribui\u00e7\u00f5es e tendo em vista o que consta no processo n\u00ba 23075.028159\/2019-39,<\/p>\n\n\n<p><strong>RESOLVE:<\/strong><\/p>\n\n\n<p>Designar para compor a Comiss\u00e3o Organizadora da 11\u00aa Semana Integrada de Ensino, Pesquisa e Extens\u00e3o &#8211; SIEPE, os seguintes membros: Presidente: FRANCISCO DE ASSIS MENDON\u00c7A &#8211; 3197912 Coordenadores: LARISSA LIZ ODRESKI RAMINA &#8211; 2974859 EDUARDO SALLES DE OLIVEIRA BARRA &#8211; 1354144 LEANDRO FRANKLIN GORSDORF &#8211; 1839031 CARLOS ALBERTO MARTINS DA ROCHA &#8211; 2213428 PAULO VINICIUS BAPTISTA DA SILVA &#8211; 2170452 Representantes: ALINE SCHROEDER ROSSI &#8211; 2151660 JULIANA JANNIFFER MARCELINO XAVIER LEITE DAMAS SOARES &#8211; 2281985 MARIANA FRESSATO MARILEIA TONIETTO &#8211; 3108118 BIANCA BREHM WAGNER JOSE NEGRELO BISCAIA ANA PAULA LEOPOLDO LOMBA &#8211; 2210440 IVANISE DO ROCIO DZIECIOL &#8211; 1172132 RODRIGO VASSOLER SERRATO &#8211; 2456138 DEBORA MIDORI ALVES TOKUNAGA &#8211; 3041690 LOURIVAL DE MORAES FIDELIS &#8211; 2143515 ROSANGELA GEHRKE SEGER &#8211; 1170332 LEDA MARIA SARAGIOTTO COLPINI &#8211; 1582968 LUANA CAROLINA BOSMULER ZUGE &#8211; 1345746 FERNANDO WILLYAN TREVISAN LEIVAS &#8211; 2234311 PATRICIA DA COSTA ZONETTI &#8211; 1768020 Portaria 404\/REITORIA (1790997)         SEI 23075.028159\/2019-39 \/ pg. 1 RODRIGO DOS REMEDIOS CARVALHO CRUZ &#8211; 3046712 DAFNE WANDRESSA SALVADOR &#8211; 2314094 RAYMUNDO GARBELOTTI FILHO &#8211; 6423924 CARLOS ALBERTO DEBIASI MAURICIO BEDIM DOS SANTOS &#8211; 2376611 KADIMA NAYARA TEIXEIRA &#8211; 2330781 LUCIANA CASACIO &#8211; 1244572 LUIZ EVERSON DA SILVA &#8211; 1605784 PRISCILLA HIDALGO SANTOS &#8211; 1650897 RODRIGO PEREZ FURTADO &#8211; 2755141<\/p>\n\n\n<div style=\"height:15px\" aria-hidden=\"true\" class=\"wp-block-spacer\"><\/div>\n\n\n<div class=\"wp-block-buttons is-content-justification-right is-layout-flex wp-container-core-buttons-is-layout-1 wp-block-buttons-is-layout-flex\">\n<div class=\"wp-block-button has-custom-font-size is-style-outline has-small-font-size is-style-outline--1\"><a class=\"wp-block-button__link\" href=\"https:\/\/progepe.ufpr.br\/portarias\/wp-content\/uploads\/pcp\/RT\/2019\/404R.pdf\" style=\"border-radius:0px\" target=\"_blank\" rel=\"noreferrer noopener\">Acesse o arquivo da portaria<\/a><\/div><\/div>\n","protected":false},"excerpt":{"rendered":"<p>Designar para compor a Comiss\u00e3o Organizadora da 11\u00aa Semana Integrada de Ensino, Pesquisa e Extens\u00e3o &#8211; SIEPE, os seguintes membros: Presidente: FRANCISCO DE ASSIS MENDON\u00c7A &#8211; 3197912 Coordenadores: LARISSA LIZ ODRESKI RAMINA &#8211; 2974859 EDUARDO SALLES DE OLIVEIRA BARRA &#8211; 1354144 LEANDRO FRANKLIN GORSDORF &#8211; 1839031 CARLOS ALBERTO MARTINS DA ROCHA &#8211; 2213428 PAULO VINICIUS BAPTISTA DA SILVA &#8211; 2170452 Representantes: ALINE SCHROEDER ROSSI &#8211; 2151660 JULIANA JANNIFFER MARCELINO XAVIER LEITE DAMAS SOARES &#8211; 2281985 MARIANA FRESSATO MARILEIA TONIETTO &#8211; 3108118 BIANCA BREHM WAGNER JOSE NEGRELO BISCAIA ANA PAULA LEOPOLDO LOMBA &#8211; 2210440 IVANISE DO ROCIO DZIECIOL &#8211;<\/p>\n","protected":false},"author":41,"featured_media":0,"comment_status":"closed","ping_status":"open","sticky":false,"template":"","format":"standard","meta":{"_acf_changed":false,"iawp_total_views":3,"footnotes":""},"categories":[117],"tags":[124],"class_list":["post-70319","post","type-post","status-publish","format-standard","hentry","category-rt","tag-comissao"],"acf":[],"_links":{"self":[{"href":"https:\/\/progepe.ufpr.br\/portarias\/wp-json\/wp\/v2\/posts\/70319","targetHints":{"allow":["GET"]}}],"collection":[{"href":"https:\/\/progepe.ufpr.br\/portarias\/wp-json\/wp\/v2\/posts"}],"about":[{"href":"https:\/\/progepe.ufpr.br\/portarias\/wp-json\/wp\/v2\/types\/post"}],"author":[{"embeddable":true,"href":"https:\/\/progepe.ufpr.br\/portarias\/wp-json\/wp\/v2\/users\/41"}],"replies":[{"embeddable":true,"href":"https:\/\/progepe.ufpr.br\/portarias\/wp-json\/wp\/v2\/comments?post=70319"}],"version-history":[{"count":1,"href":"https:\/\/progepe.ufpr.br\/portarias\/wp-json\/wp\/v2\/posts\/70319\/revisions"}],"predecessor-version":[{"id":125668,"href":"https:\/\/progepe.ufpr.br\/portarias\/wp-json\/wp\/v2\/posts\/70319\/revisions\/125668"}],"wp:attachment":[{"href":"https:\/\/progepe.ufpr.br\/portarias\/wp-json\/wp\/v2\/media?parent=70319"}],"wp:term":[{"taxonomy":"category","embeddable":true,"href":"https:\/\/progepe.ufpr.br\/portarias\/wp-json\/wp\/v2\/categories?post=70319"},{"taxonomy":"post_tag","embeddable":true,"href":"https:\/\/progepe.ufpr.br\/portarias\/wp-json\/wp\/v2\/tags?post=70319"}],"curies":[{"name":"wp","href":"https:\/\/api.w.org\/{rel}","templated":true}]}}