{"id":70327,"date":"2019-06-05T05:09:00","date_gmt":"2019-06-05T08:09:00","guid":{"rendered":"http:\/\/progepe.ufpr.br\/portarias\/rt-2019-00457\/"},"modified":"2024-06-04T14:17:45","modified_gmt":"2024-06-04T17:17:45","slug":"rt-2019-00457","status":"publish","type":"post","link":"https:\/\/progepe.ufpr.br\/portarias\/rt-2019-00457\/","title":{"rendered":"PORTARIA N\u00ba 00457\/REITORIA, DE 05 DE JUNHO DE 2019"},"content":{"rendered":"\n<p style=\"padding-left:43%\">O Reitor da Universidade Federal do Paran\u00e1, no uso de suas atribui\u00e7\u00f5es e tendo em vista o que consta no processo n\u00ba 23075.038384\/2019-83,<\/p>\n\n\n\n<p style=\"padding-left:43%\"><strong>RESOLVE:<\/strong><\/p>\n\n\n\n<p>Designar, de acordo com o Art. 33 da Resolu\u00e7\u00e3o n\u00ba 21\/2008-COPLAD, que aprova o Programa de Avalia\u00e7\u00e3o de Desempenho dos T\u00e9cnicos Administrativos em Educa\u00e7\u00e3o da UFPR, para compor a comiss\u00e3o do Conselho de Planejamento e Administra\u00e7\u00e3o &#8211; COPLAD de acompanhamento da avalia\u00e7\u00e3o de desempenho, os seguintes membros:<\/p>\n\n\n\n<ul class=\"has-small-font-size wp-block-list\">\n<li>DIONEI JOSE DA SILVA &#8211; 342857<\/li>\n\n\n\n<li>FAUSTO RODRIGUES TEIXEIRA FILHO &#8211; 343116<\/li>\n\n\n\n<li>MAURICIO ROBERTO NASCIMENTO MARTINS &#8211; 1561081<\/li>\n\n\n\n<li>VALTER ANTONIO MAIER &#8211; 341824<\/li>\n\n\n\n<li>VANESSA CARON NOVAES &#8211; 1281794<\/li>\n<\/ul>\n","protected":false},"excerpt":{"rendered":"<p>Designar, de acordo com o Art. 33 da Resolu\u00e7\u00e3o n\u00ba 21\/2008-COPLAD, que aprova o Programa de Avalia\u00e7\u00e3o de Desempenho dos T\u00e9cnicos Administrativos em Educa\u00e7\u00e3o da UFPR, para compor a comiss\u00e3o do Conselho de Planejamento e Administra\u00e7\u00e3o &#8211; COPLAD de acompanhamento da avalia\u00e7\u00e3o de desempenho, os seguintes membros:  <!-- wp:list {\"fontSize\":\"small\"} \n\n<ul class=\"has-small-font-size\"><!-- wp:list-item \n\n<li>DIONEI JOSE DA SILVA - 342857<\/li>\n\n <!-- \/wp:list-item  <!-- wp:list-item \n\n<li>FAUSTO RODRIGUES TEIXEIRA FILHO - 343116<\/li>\n\n <!-- \/wp:list-item  <!-- wp:list-item \n\n<li>MAURICIO ROBERTO NASCIMENTO MARTINS - 1561081<\/li>\n\n <!-- \/wp:list-item  <!-- wp:list-item \n\n<li>VALTER ANTONIO MAIER - 341824<\/li>\n\n <!-- \/wp:list-item  <!-- wp:list-item \n\n<li>VANESSA\n<\/p>\n","protected":false},"author":41,"featured_media":0,"comment_status":"closed","ping_status":"open","sticky":false,"template":"","format":"standard","meta":{"_acf_changed":false,"iawp_total_views":3,"footnotes":""},"categories":[117],"tags":[124],"class_list":["post-70327","post","type-post","status-publish","format-standard","hentry","category-rt","tag-comissao"],"acf":[],"_links":{"self":[{"href":"https:\/\/progepe.ufpr.br\/portarias\/wp-json\/wp\/v2\/posts\/70327","targetHints":{"allow":["GET"]}}],"collection":[{"href":"https:\/\/progepe.ufpr.br\/portarias\/wp-json\/wp\/v2\/posts"}],"about":[{"href":"https:\/\/progepe.ufpr.br\/portarias\/wp-json\/wp\/v2\/types\/post"}],"author":[{"embeddable":true,"href":"https:\/\/progepe.ufpr.br\/portarias\/wp-json\/wp\/v2\/users\/41"}],"replies":[{"embeddable":true,"href":"https:\/\/progepe.ufpr.br\/portarias\/wp-json\/wp\/v2\/comments?post=70327"}],"version-history":[{"count":4,"href":"https:\/\/progepe.ufpr.br\/portarias\/wp-json\/wp\/v2\/posts\/70327\/revisions"}],"predecessor-version":[{"id":256133,"href":"https:\/\/progepe.ufpr.br\/portarias\/wp-json\/wp\/v2\/posts\/70327\/revisions\/256133"}],"wp:attachment":[{"href":"https:\/\/progepe.ufpr.br\/portarias\/wp-json\/wp\/v2\/media?parent=70327"}],"wp:term":[{"taxonomy":"category","embeddable":true,"href":"https:\/\/progepe.ufpr.br\/portarias\/wp-json\/wp\/v2\/categories?post=70327"},{"taxonomy":"post_tag","embeddable":true,"href":"https:\/\/progepe.ufpr.br\/portarias\/wp-json\/wp\/v2\/tags?post=70327"}],"curies":[{"name":"wp","href":"https:\/\/api.w.org\/{rel}","templated":true}]}}