{"id":70332,"date":"2019-06-25T05:03:00","date_gmt":"2019-06-25T08:03:00","guid":{"rendered":"http:\/\/progepe.ufpr.br\/portarias\/rt-2019-00495\/"},"modified":"2024-09-17T14:46:26","modified_gmt":"2024-09-17T17:46:26","slug":"rt-2019-00495","status":"publish","type":"post","link":"https:\/\/progepe.ufpr.br\/portarias\/rt-2019-00495\/","title":{"rendered":"PORTARIA N\u00ba 00495\/REITORIA, DE 25 DE JUNHO DE 2019"},"content":{"rendered":"\n<p style=\"padding-left:43%\">O Reitor da Universidade Federal do Paran\u00e1, no uso de suas atribui\u00e7\u00f5es e tendo em vista o que consta no processo n\u00ba 23075.073566\/2018-10,<\/p>\n\n\n\n<p style=\"padding-left:43%\"><strong>RESOLVE:<\/strong><\/p>\n\n\n\n<p>Destituir, a pedido, a partir de 02 de agosto de 2018, a servidora ELINEIA DO ROCIO PUGSLEY FROHLICH &#8211; 341786, como membro suplente da Comiss\u00e3o de \u00c9tica da Universidade Federal do Paran\u00e1, institu\u00edda pela <a href=\"https:\/\/progepe.ufpr.br\/portarias\/rt-2016-02771\/\" data-type=\"post\" data-id=\"89999\">Portaria n\u00ba 2.771\/REITOR, de 06 de outubro de 2016<\/a>.<\/p>\n","protected":false},"excerpt":{"rendered":"<p>Destituir, a pedido, a partir de 02 de agosto de 2018, a servidora ELINEIA DO ROCIO PUGSLEY FROHLICH &#8211; 341786, como membro suplente da Comiss\u00e3o de \u00c9tica da Universidade Federal do Paran\u00e1, institu\u00edda pela <a href=\"https:\/\/progepe.ufpr.br\/portarias\/rt-2016-02771\/\" data-type=\"post\" data-id=\"89999\">Portaria n\u00ba 2.771\/REITOR, de 06 de outubro de 2016<\/a>.<\/p>\n","protected":false},"author":41,"featured_media":0,"comment_status":"closed","ping_status":"open","sticky":false,"template":"","format":"standard","meta":{"_acf_changed":false,"iawp_total_views":3,"footnotes":""},"categories":[117],"tags":[124],"class_list":["post-70332","post","type-post","status-publish","format-standard","hentry","category-rt","tag-comissao"],"acf":[],"_links":{"self":[{"href":"https:\/\/progepe.ufpr.br\/portarias\/wp-json\/wp\/v2\/posts\/70332","targetHints":{"allow":["GET"]}}],"collection":[{"href":"https:\/\/progepe.ufpr.br\/portarias\/wp-json\/wp\/v2\/posts"}],"about":[{"href":"https:\/\/progepe.ufpr.br\/portarias\/wp-json\/wp\/v2\/types\/post"}],"author":[{"embeddable":true,"href":"https:\/\/progepe.ufpr.br\/portarias\/wp-json\/wp\/v2\/users\/41"}],"replies":[{"embeddable":true,"href":"https:\/\/progepe.ufpr.br\/portarias\/wp-json\/wp\/v2\/comments?post=70332"}],"version-history":[{"count":2,"href":"https:\/\/progepe.ufpr.br\/portarias\/wp-json\/wp\/v2\/posts\/70332\/revisions"}],"predecessor-version":[{"id":257352,"href":"https:\/\/progepe.ufpr.br\/portarias\/wp-json\/wp\/v2\/posts\/70332\/revisions\/257352"}],"wp:attachment":[{"href":"https:\/\/progepe.ufpr.br\/portarias\/wp-json\/wp\/v2\/media?parent=70332"}],"wp:term":[{"taxonomy":"category","embeddable":true,"href":"https:\/\/progepe.ufpr.br\/portarias\/wp-json\/wp\/v2\/categories?post=70332"},{"taxonomy":"post_tag","embeddable":true,"href":"https:\/\/progepe.ufpr.br\/portarias\/wp-json\/wp\/v2\/tags?post=70332"}],"curies":[{"name":"wp","href":"https:\/\/api.w.org\/{rel}","templated":true}]}}