{"id":70333,"date":"2019-06-25T05:04:00","date_gmt":"2019-06-25T08:04:00","guid":{"rendered":"http:\/\/progepe.ufpr.br\/portarias\/rt-2019-00496\/"},"modified":"2024-09-17T14:49:24","modified_gmt":"2024-09-17T17:49:24","slug":"rt-2019-00496","status":"publish","type":"post","link":"https:\/\/progepe.ufpr.br\/portarias\/rt-2019-00496\/","title":{"rendered":"PORTARIA N\u00ba 00496\/REITORIA, DE 25 DE JUNHO DE 2019"},"content":{"rendered":"\n<p style=\"padding-left:43%\">O Reitor da Universidade Federal do Paran\u00e1, no uso de suas atribui\u00e7\u00f5es e tendo em vista o que consta no processo n\u00ba 23075.073566\/2018-10,<\/p>\n\n\n\n<p style=\"padding-left:43%\"><strong>RESOLVE:<\/strong><\/p>\n\n\n\n<p>Designar a servidora ZILDA NERES DE SOUZA &#8211; 1058195, Assistente em Administra\u00e7\u00e3o, lotada no Gabinete do Reitor, como membro suplente da Comiss\u00e3o de \u00c9tica da Universidade Federal do Paran\u00e1, institu\u00edda pela <a href=\"https:\/\/progepe.ufpr.br\/portarias\/rt-2016-02771\/\" data-type=\"post\" data-id=\"89999\">Portaria n\u00ba 2.771\/REITOR, de 06 de outubro de 2016<\/a>, por 03 (tr\u00eas) anos, a partir de 01 de julho de 2019.<\/p>\n","protected":false},"excerpt":{"rendered":"<p>Designar a servidora ZILDA NERES DE SOUZA &#8211; 1058195, Assistente em Administra\u00e7\u00e3o, lotada no Gabinete do Reitor, como membro suplente da Comiss\u00e3o de \u00c9tica da Universidade Federal do Paran\u00e1, institu\u00edda pela <a href=\"https:\/\/progepe.ufpr.br\/portarias\/rt-2016-02771\/\" data-type=\"post\" data-id=\"89999\">Portaria n\u00ba 2.771\/REITOR, de 06 de outubro de 2016<\/a>, por 03 (tr\u00eas) anos, a partir de 01 de julho de 2019.<\/p>\n","protected":false},"author":41,"featured_media":0,"comment_status":"closed","ping_status":"open","sticky":false,"template":"","format":"standard","meta":{"_acf_changed":false,"iawp_total_views":0,"footnotes":""},"categories":[117],"tags":[124],"class_list":["post-70333","post","type-post","status-publish","format-standard","hentry","category-rt","tag-comissao"],"acf":[],"_links":{"self":[{"href":"https:\/\/progepe.ufpr.br\/portarias\/wp-json\/wp\/v2\/posts\/70333","targetHints":{"allow":["GET"]}}],"collection":[{"href":"https:\/\/progepe.ufpr.br\/portarias\/wp-json\/wp\/v2\/posts"}],"about":[{"href":"https:\/\/progepe.ufpr.br\/portarias\/wp-json\/wp\/v2\/types\/post"}],"author":[{"embeddable":true,"href":"https:\/\/progepe.ufpr.br\/portarias\/wp-json\/wp\/v2\/users\/41"}],"replies":[{"embeddable":true,"href":"https:\/\/progepe.ufpr.br\/portarias\/wp-json\/wp\/v2\/comments?post=70333"}],"version-history":[{"count":3,"href":"https:\/\/progepe.ufpr.br\/portarias\/wp-json\/wp\/v2\/posts\/70333\/revisions"}],"predecessor-version":[{"id":257356,"href":"https:\/\/progepe.ufpr.br\/portarias\/wp-json\/wp\/v2\/posts\/70333\/revisions\/257356"}],"wp:attachment":[{"href":"https:\/\/progepe.ufpr.br\/portarias\/wp-json\/wp\/v2\/media?parent=70333"}],"wp:term":[{"taxonomy":"category","embeddable":true,"href":"https:\/\/progepe.ufpr.br\/portarias\/wp-json\/wp\/v2\/categories?post=70333"},{"taxonomy":"post_tag","embeddable":true,"href":"https:\/\/progepe.ufpr.br\/portarias\/wp-json\/wp\/v2\/tags?post=70333"}],"curies":[{"name":"wp","href":"https:\/\/api.w.org\/{rel}","templated":true}]}}