{"id":70335,"date":"2019-07-12T05:00:00","date_gmt":"2019-07-12T08:00:00","guid":{"rendered":"http:\/\/progepe.ufpr.br\/portarias\/rt-2019-00540\/"},"modified":"2024-04-29T14:28:54","modified_gmt":"2024-04-29T17:28:54","slug":"rt-2019-00540","status":"publish","type":"post","link":"https:\/\/progepe.ufpr.br\/portarias\/rt-2019-00540\/","title":{"rendered":"PORTARIA N\u00ba 00540\/REITORIA, DE 12 DE JULHO DE 2019"},"content":{"rendered":"\n<p style=\"padding-left:43%\">A Vice-Reitora da Universidade Federal do Paran\u00e1, no exerc\u00edcio do cargo de Reitora, no uso de suas atribui\u00e7\u00f5es, tendo em vista o que consta no processo n\u00ba 23075.046661\/2019-21 e considerando:<\/p>\n\n\n\n<p style=\"padding-left:43%\">O Art. 225 da Constitui\u00e7\u00e3o Federal, que garante o direito ao meio ambiente ecologicamente equilibrado, bem de uso comum do povo e essencial \u00e0 sadia qualidade de vida, impondo-se ao Poder P\u00fablico e \u00e0 coletividade o dever de defend\u00ea-lo e preserv\u00e1-lo para as presentes e futuras gera\u00e7\u00f5es;<\/p>\n\n\n\n<p style=\"padding-left:43%\">O Decreto n\u00ba 7.746, de 05 de junho de 2012, que estabelece crit\u00e9rios e pr\u00e1ticas para a promo\u00e7\u00e3o do desenvolvimento nacional sustent\u00e1vel nas contrata\u00e7\u00f5es realizadas pela administra\u00e7\u00e3o p\u00fablica federal direta, aut\u00e1rquica e fundacional e a Instru\u00e7\u00e3o Normativa SLTI\/MP n\u00ba 10, de 12 de novembro de 2012; e,<\/p>\n\n\n\n<p style=\"padding-left:43%\">A miss\u00e3o da UFPR de &#8220;fomentar, construir e disseminar o conhecimento, contribuindo para a forma\u00e7\u00e3o do cidad\u00e3o e desenvolvimento humano sustent\u00e1vel&#8221;;<\/p>\n\n\n\n<p style=\"padding-left:43%\"><strong>RESOLVE:<\/strong><\/p>\n\n\n\n<p>Designar como membros da comiss\u00e3o respons\u00e1vel por elaborar a Pol\u00edtica de Sustentabilidade e, no prazo de 12 (doze) meses, apresentar o Plano de Log\u00edstica Sustent\u00e1vel da Universidade Federal do Paran\u00e1, para aprova\u00e7\u00e3o pelos conselhos superiores, os seguintes membros:<\/p>\n\n\n\n<p class=\"has-small-font-size\" style=\"padding-left:var(--wp--preset--spacing--40)\"><strong>Presidente:<\/strong><\/p>\n\n\n\n<p class=\"has-small-font-size\" style=\"padding-left:var(--wp--preset--spacing--50)\">BARBARA GALLELI DIAS &#8211; 3042342<\/p>\n\n\n\n<p class=\"has-small-font-size\" style=\"padding-left:var(--wp--preset--spacing--40)\"><strong>Vice-Presidente:<\/strong><\/p>\n\n\n\n<p class=\"has-small-font-size\" style=\"padding-left:var(--wp--preset--spacing--50)\">AGUINALDO DOS SANTOS &#8211; 1351421<\/p>\n\n\n\n<p class=\"has-small-font-size\" style=\"padding-left:var(--wp--preset--spacing--40)\"><strong>Assessoria T\u00e9cnica:<\/strong><\/p>\n\n\n\n<p class=\"has-small-font-size\" style=\"padding-left:var(--wp--preset--spacing--50)\">DEBORA CECILIOTTI BARCELOS &#8211; 2680623<\/p>\n\n\n\n<p class=\"has-small-font-size\" style=\"padding-left:var(--wp--preset--spacing--40)\"><strong>Membros:<\/strong><\/p>\n\n\n\n<p class=\"has-small-font-size\" style=\"padding-left:var(--wp--preset--spacing--50)\">MARCELL MARIANO CORREA MACENO &#8211; 1880501<br>JOSE EDUARDO PADILHA DE SOUSA &#8211; 2208864<br>RODRIGO ARANTES REIS &#8211; 1523865<br>CARLA MARIA CAMARGO CORREA &#8211; 1182857<br>SIMONE MARIN ISRAEL &#8211; 1671653<br>AMARILIO MOTTA FLORIANO &#8211; 1756454<br>EDUARDO WRONSCKI RICARDO &#8211; 1039062<\/p>\n","protected":false},"excerpt":{"rendered":"<p>Designar como membros da comiss\u00e3o respons\u00e1vel por elaborar a Pol\u00edtica de Sustentabilidade e, no prazo de 12 (doze) meses, apresentar o Plano de Log\u00edstica Sustent\u00e1vel da Universidade Federal do Paran\u00e1, para aprova\u00e7\u00e3o pelos conselhos superiores, os seguintes membros:  <!-- wp:paragraph {\"style\":{\"spacing\":{\"padding\":{\"left\":\"var:preset|spacing|40\"}}},\"fontSize\":\"small\"} \n\n<p class=\"has-small-font-size\" style=\"padding-left:var(--wp--preset--spacing--40)\"><strong>Presidente:<\/strong>  <!-- wp:paragraph {\"style\":{\"spacing\":{\"padding\":{\"left\":\"var:preset|spacing|50\"}}},\"fontSize\":\"small\"} \n\n<p class=\"has-small-font-size\" style=\"padding-left:var(--wp--preset--spacing--50)\">BARBARA GALLELI DIAS - 3042342  <!-- wp:paragraph {\"style\":{\"spacing\":{\"padding\":{\"left\":\"var:preset|spacing|40\"}}},\"fontSize\":\"small\"} \n\n<p class=\"has-small-font-size\" style=\"padding-left:var(--wp--preset--spacing--40)\"><strong>Vice-Presidente:<\/strong>  <!-- wp:paragraph {\"style\":{\"spacing\":{\"padding\":{\"left\":\"var:preset|spac\n<\/p>\n","protected":false},"author":41,"featured_media":0,"comment_status":"closed","ping_status":"open","sticky":false,"template":"","format":"standard","meta":{"_acf_changed":false,"iawp_total_views":0,"footnotes":""},"categories":[117],"tags":[124],"class_list":["post-70335","post","type-post","status-publish","format-standard","hentry","category-rt","tag-comissao"],"acf":[],"_links":{"self":[{"href":"https:\/\/progepe.ufpr.br\/portarias\/wp-json\/wp\/v2\/posts\/70335","targetHints":{"allow":["GET"]}}],"collection":[{"href":"https:\/\/progepe.ufpr.br\/portarias\/wp-json\/wp\/v2\/posts"}],"about":[{"href":"https:\/\/progepe.ufpr.br\/portarias\/wp-json\/wp\/v2\/types\/post"}],"author":[{"embeddable":true,"href":"https:\/\/progepe.ufpr.br\/portarias\/wp-json\/wp\/v2\/users\/41"}],"replies":[{"embeddable":true,"href":"https:\/\/progepe.ufpr.br\/portarias\/wp-json\/wp\/v2\/comments?post=70335"}],"version-history":[{"count":5,"href":"https:\/\/progepe.ufpr.br\/portarias\/wp-json\/wp\/v2\/posts\/70335\/revisions"}],"predecessor-version":[{"id":255630,"href":"https:\/\/progepe.ufpr.br\/portarias\/wp-json\/wp\/v2\/posts\/70335\/revisions\/255630"}],"wp:attachment":[{"href":"https:\/\/progepe.ufpr.br\/portarias\/wp-json\/wp\/v2\/media?parent=70335"}],"wp:term":[{"taxonomy":"category","embeddable":true,"href":"https:\/\/progepe.ufpr.br\/portarias\/wp-json\/wp\/v2\/categories?post=70335"},{"taxonomy":"post_tag","embeddable":true,"href":"https:\/\/progepe.ufpr.br\/portarias\/wp-json\/wp\/v2\/tags?post=70335"}],"curies":[{"name":"wp","href":"https:\/\/api.w.org\/{rel}","templated":true}]}}