{"id":70337,"date":"2019-07-12T05:03:00","date_gmt":"2019-07-12T08:03:00","guid":{"rendered":"http:\/\/progepe.ufpr.br\/portarias\/rt-2019-00543\/"},"modified":"2023-08-03T13:15:33","modified_gmt":"2023-08-03T16:15:33","slug":"rt-2019-00543","status":"publish","type":"post","link":"https:\/\/progepe.ufpr.br\/portarias\/rt-2019-00543\/","title":{"rendered":"PORTARIA N\u00ba 00543\/REITORIA, DE 12 DE JULHO DE 2019"},"content":{"rendered":"\n<p>A Vice-Reitora da Universidade Federal do Paran\u00e1, no exerc\u00edcio do cargo de Reitora, no uso de suas atribui\u00e7\u00f5es e tendo em vista o que consta no processo n\u00ba 23075.047395\/2019-54,<\/p>\n\n\n<p><strong>RESOLVE:<\/strong><\/p>\n\n\n<p>I. Constituir a comiss\u00e3o examinadora para o processo de revalida\u00e7\u00e3o de Diplomas de Gradua\u00e7\u00e3o expedidos por estabelecimentos estrangeiros de ensino superior requeridos por migrantes admitidos no Brasil com visto permanente por raz\u00f5es humanit\u00e1rias ou portadores do estado de refugiado, regulamentado pelo Edital n\u00ba 59\/2019-Refugiados\/NC-PROGRAD.<\/p><p> II. Em cumprimento ao Art. 8\u00ba da Resolu\u00e7\u00e3o n\u00ba 2\/2016-CEPE, designar para compor a referida comiss\u00e3o examinadora, os seguintes membros: Presidente: EDUARDO SALLES DE OLIVEIRA BARRA &#8211; 1354144 Membros: SIMONE CRISTINA RAMOS &#8211; 2319466 LUIZ ANTONIO CORREA LUCCHESI &#8211; 342798 ARTUR RENATO ORTEGA &#8211; 2641744 LUCIANA FERREIRA &#8211; 1562251 LUANA MARCHIORI VEIGA &#8211; 2362778 DEBORA DO ROCIO KLISIOWICZ &#8211; 2170498 EDSON ANTONIO TANHOFFER &#8211; 4219735 SAYURI UNOKI DE AZEVEDO &#8211; 2274680 DAYANI CRIS DE AQUINO &#8211; 2490717 TATYANA SCHEILA FRIEDRICH &#8211; 2422149 ADRIANA INES DE PAULA &#8211; 1745830 LUCIANA SCHLEDER GON\u00c7ALVES &#8211; 3303837 NELSON LUIS DA COSTA DIAS &#8211; 1154550 MARIA CRISTINA BORBA BRAGA &#8211; 343903 FABIANO OSCAR DROZDA &#8211; 1031009 NELSON YOSHIHIRO NAKAJIMA &#8211; 2293951 LUCIANO KIYOSHI ARAKI &#8211; 2569747 Portaria 543\/REITORIA (1952523)         SEI 23075.047395\/2019-54 \/ pg. 1 LUCIANO KIYOSHI ARAKI &#8211; 2569747 CESAR AUGUSTO TACONELI &#8211; 1616216 NILCE NAZARENO DA FONTE &#8211; 343046 KLEBER DAUM MACHADO &#8211; 1330245 ANA MARCIA DELATTRE ZOCOLOTTI &#8211; 1159789 JORGE RAMON MONTENEGRO GOMEZ &#8211; 1543009 FERNANDO MANCINI &#8211; 1297268 ROOSEVELT ARAUJO DA ROCHA JUNIOR &#8211; 2560796 REGINA MARIA FERREIRA LANG &#8211; 1043950 ANGELA FERNANDES &#8211; 1046380 ROBERLAYNE DE OLIVEIRA BORGES ROBALLO &#8211; 2508630 JO\u00c3O HENRIQUE ROSSLER &#8211; 1525279 LETICIA BARTOSZECK NITSCHE &#8211; 2430257<\/p>\n\n\n<div style=\"height:15px\" aria-hidden=\"true\" class=\"wp-block-spacer\"><\/div>\n\n\n<div class=\"wp-block-buttons is-content-justification-right is-layout-flex wp-container-core-buttons-is-layout-1 wp-block-buttons-is-layout-flex\">\n<div class=\"wp-block-button has-custom-font-size is-style-outline has-small-font-size is-style-outline--1\"><a class=\"wp-block-button__link\" href=\"https:\/\/progepe.ufpr.br\/portarias\/wp-content\/uploads\/pcp\/RT\/2019\/543R.pdf\" style=\"border-radius:0px\" target=\"_blank\" rel=\"noreferrer noopener\">Acesse o arquivo da portaria<\/a><\/div><\/div>\n","protected":false},"excerpt":{"rendered":"<p>I. Constituir a comiss\u00e3o examinadora para o processo de revalida\u00e7\u00e3o de Diplomas de Gradua\u00e7\u00e3o expedidos por estabelecimentos estrangeiros de ensino superior requeridos por migrantes admitidos no Brasil com visto permanente por raz\u00f5es humanit\u00e1rias ou portadores do estado de refugiado, regulamentado pelo Edital n\u00ba 59\/2019-Refugiados\/NC-PROGRAD. II. Em cumprimento ao Art. 8\u00ba da Resolu\u00e7\u00e3o n\u00ba 2\/2016-CEPE, designar para compor a referida comiss\u00e3o examinadora, os seguintes membros: Presidente: EDUARDO SALLES DE OLIVEIRA BARRA &#8211; 1354144 Membros: SIMONE CRISTINA RAMOS &#8211; 2319466 LUIZ ANTONIO CORREA LUCCHESI &#8211; 342798 ARTUR RENATO ORTEGA &#8211; 2641744 LUCIANA FERREIRA &#8211; 1562251 LUANA MARCHIORI VEIGA &#8211; 2362778<\/p>\n","protected":false},"author":41,"featured_media":0,"comment_status":"closed","ping_status":"open","sticky":false,"template":"","format":"standard","meta":{"_acf_changed":false,"iawp_total_views":1,"footnotes":""},"categories":[117],"tags":[124],"class_list":["post-70337","post","type-post","status-publish","format-standard","hentry","category-rt","tag-comissao"],"acf":[],"_links":{"self":[{"href":"https:\/\/progepe.ufpr.br\/portarias\/wp-json\/wp\/v2\/posts\/70337","targetHints":{"allow":["GET"]}}],"collection":[{"href":"https:\/\/progepe.ufpr.br\/portarias\/wp-json\/wp\/v2\/posts"}],"about":[{"href":"https:\/\/progepe.ufpr.br\/portarias\/wp-json\/wp\/v2\/types\/post"}],"author":[{"embeddable":true,"href":"https:\/\/progepe.ufpr.br\/portarias\/wp-json\/wp\/v2\/users\/41"}],"replies":[{"embeddable":true,"href":"https:\/\/progepe.ufpr.br\/portarias\/wp-json\/wp\/v2\/comments?post=70337"}],"version-history":[{"count":1,"href":"https:\/\/progepe.ufpr.br\/portarias\/wp-json\/wp\/v2\/posts\/70337\/revisions"}],"predecessor-version":[{"id":125686,"href":"https:\/\/progepe.ufpr.br\/portarias\/wp-json\/wp\/v2\/posts\/70337\/revisions\/125686"}],"wp:attachment":[{"href":"https:\/\/progepe.ufpr.br\/portarias\/wp-json\/wp\/v2\/media?parent=70337"}],"wp:term":[{"taxonomy":"category","embeddable":true,"href":"https:\/\/progepe.ufpr.br\/portarias\/wp-json\/wp\/v2\/categories?post=70337"},{"taxonomy":"post_tag","embeddable":true,"href":"https:\/\/progepe.ufpr.br\/portarias\/wp-json\/wp\/v2\/tags?post=70337"}],"curies":[{"name":"wp","href":"https:\/\/api.w.org\/{rel}","templated":true}]}}