{"id":70340,"date":"2019-07-23T05:00:00","date_gmt":"2019-07-23T08:00:00","guid":{"rendered":"http:\/\/progepe.ufpr.br\/portarias\/rt-2019-00571\/"},"modified":"2023-08-03T13:15:37","modified_gmt":"2023-08-03T16:15:37","slug":"rt-2019-00571","status":"publish","type":"post","link":"https:\/\/progepe.ufpr.br\/portarias\/rt-2019-00571\/","title":{"rendered":"PORTARIA N\u00ba 00571\/REITORIA, DE 23 DE JULHO DE 2019"},"content":{"rendered":"\n<p>A Vice-Reitora da Universidade Federal do Paran\u00e1, no exerc\u00edcio do cargo de Reitora, no uso de suas atribui\u00e7\u00f5es e tendo em vista a compet\u00eancia que lhe \u00e9 conferida pelo Art. 30, inciso V, do Estatuto da UFPR, em conson\u00e2ncia com o disposto do Art. 80 da Lei n\u00ba 8.443\/1992; com a Instru\u00e7\u00e3o Normativa TCU n\u00ba 71, de 28 de novembro de 2012; com a Portaria CGU n\u00ba 807, de 25 de abril de 2013; e, o que consta no processo n\u00ba 23075.701620\/2019-18,<\/p>\n\n\n<p><strong>RESOLVE:<\/strong><\/p>\n\n\n<p>Art. 1\u00ba &#8211; Substituir o servidor ADEMIR CLEMENTE &#8211; 6341120, Professor do Magist\u00e9rio Superior, lotado no Departamento de Ci\u00eancias Cont\u00e1beis do Setor de Ci\u00eancias Sociais Aplicadas, pela servidora ANELISE KRAUSPENHAR PINTO FIGARI &#8211; 2302187, Professora do Magist\u00e9rio Superior, lotada no mesmo Departamento, como Tomadora de Contas Especial e Presidente da Comiss\u00e3o de que trata a Portaria n\u00ba 465\/REITORIA, de 12 de junho de 2019.<\/p><p> Art. 2\u00ba &#8211; Esta Portaria entra em vigor na data de sua publica\u00e7\u00e3o no Di\u00e1rio Oficial da Uni\u00e3o.<\/p><p><\/p>\n\n\n<div style=\"height:15px\" aria-hidden=\"true\" class=\"wp-block-spacer\"><\/div>\n\n\n<div class=\"wp-block-buttons is-content-justification-right is-layout-flex wp-container-core-buttons-is-layout-1 wp-block-buttons-is-layout-flex\">\n<div class=\"wp-block-button has-custom-font-size is-style-outline has-small-font-size is-style-outline--1\"><a class=\"wp-block-button__link\" href=\"https:\/\/progepe.ufpr.br\/portarias\/wp-content\/uploads\/pcp\/RT\/2019\/571R.pdf\" style=\"border-radius:0px\" target=\"_blank\" rel=\"noreferrer noopener\">Acesse o arquivo da portaria<\/a><\/div><\/div>\n","protected":false},"excerpt":{"rendered":"<p>Art. 1\u00ba &#8211; Substituir o servidor ADEMIR CLEMENTE &#8211; 6341120, Professor do Magist\u00e9rio Superior, lotado no Departamento de Ci\u00eancias Cont\u00e1beis do Setor de Ci\u00eancias Sociais Aplicadas, pela servidora ANELISE KRAUSPENHAR PINTO FIGARI &#8211; 2302187, Professora do Magist\u00e9rio Superior, lotada no mesmo Departamento, como Tomadora de Contas Especial e Presidente da Comiss\u00e3o de que trata a Portaria n\u00ba 465\/REITORIA, de 12 de junho de 2019. Art. 2\u00ba &#8211; Esta Portaria entra em vigor na data de sua publica\u00e7\u00e3o no Di\u00e1rio Oficial da Uni\u00e3o.  {&#8220;height&#8221;:&#8221;15px&#8221;} <\/p>\n<div style=\"height:15px\" aria-hidden=\"true\" class=\"wp-block-spacer\"> <!-- \/wp:spacer  {\"layout\":{\"type\":\"flex\",\"justifyContent\":\"right\"}} \n\n<div class=\"wp-block-buttons\"><!-- wp:button {\"style\":{\"border\":{\"radius\":\"0px\"}},\"className\":\"is-style-outline\",\"fontSize\":\"small\"} \n\n<div class=\"wp-block-button \n\n","protected":false},"author":41,"featured_media":0,"comment_status":"closed","ping_status":"open","sticky":false,"template":"","format":"standard","meta":{"_acf_changed":false,"iawp_total_views":0,"footnotes":""},"categories":[117],"tags":[124],"class_list":["post-70340","post","type-post","status-publish","format-standard","hentry","category-rt","tag-comissao"],"acf":[],"_links":{"self":[{"href":"https:\/\/progepe.ufpr.br\/portarias\/wp-json\/wp\/v2\/posts\/70340","targetHints":{"allow":["GET"]}}],"collection":[{"href":"https:\/\/progepe.ufpr.br\/portarias\/wp-json\/wp\/v2\/posts"}],"about":[{"href":"https:\/\/progepe.ufpr.br\/portarias\/wp-json\/wp\/v2\/types\/post"}],"author":[{"embeddable":true,"href":"https:\/\/progepe.ufpr.br\/portarias\/wp-json\/wp\/v2\/users\/41"}],"replies":[{"embeddable":true,"href":"https:\/\/progepe.ufpr.br\/portarias\/wp-json\/wp\/v2\/comments?post=70340"}],"version-history":[{"count":1,"href":"https:\/\/progepe.ufpr.br\/portarias\/wp-json\/wp\/v2\/posts\/70340\/revisions"}],"predecessor-version":[{"id":125689,"href":"https:\/\/progepe.ufpr.br\/portarias\/wp-json\/wp\/v2\/posts\/70340\/revisions\/125689"}],"wp:attachment":[{"href":"https:\/\/progepe.ufpr.br\/portarias\/wp-json\/wp\/v2\/media?parent=70340"}],"wp:term":[{"taxonomy":"category","embeddable":true,"href":"https:\/\/progepe.ufpr.br\/portarias\/wp-json\/wp\/v2\/categories?post=70340"},{"taxonomy":"post_tag","embeddable":true,"href":"https:\/\/progepe.ufpr.br\/portarias\/wp-json\/wp\/v2\/tags?post=70340"}],"curies":[{"name":"wp","href":"https:\/\/api.w.org\/{rel}","templated":true}]}}