{"id":70347,"date":"2019-09-06T05:08:00","date_gmt":"2019-09-06T08:08:00","guid":{"rendered":"http:\/\/progepe.ufpr.br\/portarias\/rt-2019-00745\/"},"modified":"2023-08-03T13:16:01","modified_gmt":"2023-08-03T16:16:01","slug":"rt-2019-00745","status":"publish","type":"post","link":"https:\/\/progepe.ufpr.br\/portarias\/rt-2019-00745\/","title":{"rendered":"PORTARIA N\u00ba 00745\/REITORIA, DE 06 DE SETEMBRO DE 2019"},"content":{"rendered":"\n<p>O Reitor da Universidade Federal do Paran\u00e1, no uso de suas atribui\u00e7\u00f5es e tendo em vista o que consta no processo n\u00ba 23075.047395\/2019-54,<\/p>\n\n\n<p><strong>RESOLVE:<\/strong><\/p>\n\n\n<p>I. Retificar o item I da Portaria n\u00ba 543\/REITORIA, de 12 de julho de 2019, que constituiu a comiss\u00e3o examinadora para o processo de revalida\u00e7\u00e3o de Diplomas de Gradua\u00e7\u00e3o expedidos por estabelecimentos estrangeiros de ensino superior requeridos por migrantes admitidos no Brasil com visto permanente por raz\u00f5es humanit\u00e1rias ou portadores do estado de refugiado: Onde se L\u00ea: &#8230; regulamentado pelo Edital n\u00ba 59\/2019-Refugiados\/NC-PROGRAD.<\/p><p> Leia-se: &#8230; regulamentado pelo Edital n\u00ba 57\/2019-Refugiados\/NC-PROGRAD.<\/p><p> II. Designar a servidora DAIANA KLOH KHALAF &#8211; 2993125, Professora do Magist\u00e9rio Superior, lotada no Departamento de Enfermagem do Setor de Ci\u00eancias da Sa\u00fade, para substituir a servidora LUCIANA SCHLEDER GON\u00c7ALVES &#8211; 3303837 , como membro da citada comiss\u00e3o.<\/p><p><\/p>\n\n\n<div style=\"height:15px\" aria-hidden=\"true\" class=\"wp-block-spacer\"><\/div>\n\n\n<div class=\"wp-block-buttons is-content-justification-right is-layout-flex wp-container-core-buttons-is-layout-1 wp-block-buttons-is-layout-flex\">\n<div class=\"wp-block-button has-custom-font-size is-style-outline has-small-font-size is-style-outline--1\"><a class=\"wp-block-button__link\" href=\"https:\/\/progepe.ufpr.br\/portarias\/wp-content\/uploads\/pcp\/RT\/2019\/745R.pdf\" style=\"border-radius:0px\" target=\"_blank\" rel=\"noreferrer noopener\">Acesse o arquivo da portaria<\/a><\/div><\/div>\n","protected":false},"excerpt":{"rendered":"<p>I. Retificar o item I da Portaria n\u00ba 543\/REITORIA, de 12 de julho de 2019, que constituiu a comiss\u00e3o examinadora para o processo de revalida\u00e7\u00e3o de Diplomas de Gradua\u00e7\u00e3o expedidos por estabelecimentos estrangeiros de ensino superior requeridos por migrantes admitidos no Brasil com visto permanente por raz\u00f5es humanit\u00e1rias ou portadores do estado de refugiado: Onde se L\u00ea: &#8230; regulamentado pelo Edital n\u00ba 59\/2019-Refugiados\/NC-PROGRAD. Leia-se: &#8230; regulamentado pelo Edital n\u00ba 57\/2019-Refugiados\/NC-PROGRAD. II. Designar a servidora DAIANA KLOH KHALAF &#8211; 2993125, Professora do Magist\u00e9rio Superior, lotada no Departamento de Enfermagem do Setor de Ci\u00eancias da Sa\u00fade, para substituir a servidora<\/p>\n","protected":false},"author":41,"featured_media":0,"comment_status":"closed","ping_status":"open","sticky":false,"template":"","format":"standard","meta":{"_acf_changed":false,"iawp_total_views":0,"footnotes":""},"categories":[117],"tags":[124],"class_list":["post-70347","post","type-post","status-publish","format-standard","hentry","category-rt","tag-comissao"],"acf":[],"_links":{"self":[{"href":"https:\/\/progepe.ufpr.br\/portarias\/wp-json\/wp\/v2\/posts\/70347","targetHints":{"allow":["GET"]}}],"collection":[{"href":"https:\/\/progepe.ufpr.br\/portarias\/wp-json\/wp\/v2\/posts"}],"about":[{"href":"https:\/\/progepe.ufpr.br\/portarias\/wp-json\/wp\/v2\/types\/post"}],"author":[{"embeddable":true,"href":"https:\/\/progepe.ufpr.br\/portarias\/wp-json\/wp\/v2\/users\/41"}],"replies":[{"embeddable":true,"href":"https:\/\/progepe.ufpr.br\/portarias\/wp-json\/wp\/v2\/comments?post=70347"}],"version-history":[{"count":1,"href":"https:\/\/progepe.ufpr.br\/portarias\/wp-json\/wp\/v2\/posts\/70347\/revisions"}],"predecessor-version":[{"id":125696,"href":"https:\/\/progepe.ufpr.br\/portarias\/wp-json\/wp\/v2\/posts\/70347\/revisions\/125696"}],"wp:attachment":[{"href":"https:\/\/progepe.ufpr.br\/portarias\/wp-json\/wp\/v2\/media?parent=70347"}],"wp:term":[{"taxonomy":"category","embeddable":true,"href":"https:\/\/progepe.ufpr.br\/portarias\/wp-json\/wp\/v2\/categories?post=70347"},{"taxonomy":"post_tag","embeddable":true,"href":"https:\/\/progepe.ufpr.br\/portarias\/wp-json\/wp\/v2\/tags?post=70347"}],"curies":[{"name":"wp","href":"https:\/\/api.w.org\/{rel}","templated":true}]}}