{"id":70353,"date":"2019-09-24T05:01:00","date_gmt":"2019-09-24T08:01:00","guid":{"rendered":"http:\/\/progepe.ufpr.br\/portarias\/rt-2019-00796\/"},"modified":"2023-08-03T13:16:08","modified_gmt":"2023-08-03T16:16:08","slug":"rt-2019-00796","status":"publish","type":"post","link":"https:\/\/progepe.ufpr.br\/portarias\/rt-2019-00796\/","title":{"rendered":"PORTARIA N\u00ba 00796\/REITORIA, DE 24 DE SETEMBRO DE 2019"},"content":{"rendered":"\n<p>O Reitor da Universidade Federal do Paran\u00e1, no uso de suas atribui\u00e7\u00f5es estatut\u00e1rias, considerando o que consta no Decreto n\u00ba 99.656, de 26 de outubro de 1990; e, tendo em vista o que consta no processo n\u00ba 23075.068657\/2019-14,<\/p>\n\n\n<p><strong>RESOLVE:<\/strong><\/p>\n\n\n<p>I. Criar a Comiss\u00e3o Interna de Conserva\u00e7\u00e3o de Energia &#8211; CICE no \u00e2mbito da Universidade Federal do Paran\u00e1 &#8211; UFPR.<\/p><p> II. A CICE-UFPR ser\u00e1 subordinada \u00e0 Pr\u00f3-Reitoria de Planejamento, Or\u00e7amento e Finan\u00e7as &#8211; PROPLAN.<\/p><p> III. Designar para compor a CICE-UFPR os seguintes servidores: Presidente: JAMES ALEXANDRE BARANIUK &#8211; 1121621 Vice-Presidente: SILVIO PARUCKER &#8211; 2170426 Membros: FABIANO JELSON MACHADO NUNES &#8211; 2284997 PAULO CESAR OKIMOTO &#8211; 342881 CAROLINA CALOMENO MACHADO &#8211; 1160776 LEONARDO GOMES DA COSTA &#8211; 1847863 Suplente: SILVANA NAKAMORI BELOTTO &#8211; 1170027 IV. Compete CICE-UFPR: a) Implementar, acompanhar e divulgar medidas de utiliza\u00e7\u00e3o racional de energia el\u00e9trica; b) Propor a ado\u00e7\u00e3o de normas internas de efici\u00eancia que propiciem maior efic\u00e1cia na utiliza\u00e7\u00e3o de energia el\u00e9trica; c) Acompanhar o faturamento de energia el\u00e9trica e elaborar relat\u00f3rio dos resultados Portaria 796\/REITORIA (2154089)         SEI 23075.068657\/2019-14 \/ pg. 1 alcan\u00e7ados, em fun\u00e7\u00e3o das metas que forem estabelecidas; d) Promover an\u00e1lise das potencialidades de redu\u00e7\u00e3o de consumo de energia el\u00e9trica; e) Conscientizar e motivar os servidores, divulgando informa\u00e7\u00f5es relativas ao uso racional de energia el\u00e9trica e os resultados alcan\u00e7ados; f) Participar da elabora\u00e7\u00e3o das especifica\u00e7\u00f5es t\u00e9cnicas para projetos, constru\u00e7\u00e3o e aquisi\u00e7\u00e3o de bens e servi\u00e7os, bem assim das consequentes licita\u00e7\u00f5es que envolvam consumo de energia; g) Calcular os consumos espec\u00edficos dos diferentes energ\u00e9ticos (eletricidade, combust\u00edveis, g\u00e1s, etc.) e submet\u00ea-los \u00e0 Pr\u00f3-Reitoria de Planejamento, Or\u00e7amento e Finan\u00e7as, que estabelecer\u00e1 \u00edndices m\u00e1ximos de consumo a serem respeitados.<\/p><p> V. Determinar, a todos os titulares de \u00f3rg\u00e3os e unidades, que sejam oferecidos \u00e0 Comiss\u00e3o os meios, recursos e colabora\u00e7\u00f5es indispens\u00e1veis para o fiel cumprimento de suas atribui\u00e7\u00f5es.<\/p><p> V. Determinar, a todos os titulares de \u00f3rg\u00e3os e unidades, que sejam oferecidos \u00e0 Comiss\u00e3o os meios, recursos e colabora\u00e7\u00f5es indispens\u00e1veis para o fiel cumprimento de suas atribui\u00e7\u00f5es.<\/p><p> VI. O mandato dos membros da CICE-UFPR ser\u00e1 de 02 (dois) anos.<\/p><p> VII. Esta Portaria entra em vigor a partir desta data, revogadas as disposi\u00e7\u00f5es em contr\u00e1rio.<\/p><p><\/p>\n\n\n<div style=\"height:15px\" aria-hidden=\"true\" class=\"wp-block-spacer\"><\/div>\n\n\n<div class=\"wp-block-buttons is-content-justification-right is-layout-flex wp-container-core-buttons-is-layout-1 wp-block-buttons-is-layout-flex\">\n<div class=\"wp-block-button has-custom-font-size is-style-outline has-small-font-size is-style-outline--1\"><a class=\"wp-block-button__link\" href=\"https:\/\/progepe.ufpr.br\/portarias\/wp-content\/uploads\/pcp\/RT\/2019\/796R.pdf\" style=\"border-radius:0px\" target=\"_blank\" rel=\"noreferrer noopener\">Acesse o arquivo da portaria<\/a><\/div><\/div>\n","protected":false},"excerpt":{"rendered":"<p>I. Criar a Comiss\u00e3o Interna de Conserva\u00e7\u00e3o de Energia &#8211; CICE no \u00e2mbito da Universidade Federal do Paran\u00e1 &#8211; UFPR. II. A CICE-UFPR ser\u00e1 subordinada \u00e0 Pr\u00f3-Reitoria de Planejamento, Or\u00e7amento e Finan\u00e7as &#8211; PROPLAN. III. Designar para compor a CICE-UFPR os seguintes servidores: Presidente: JAMES ALEXANDRE BARANIUK &#8211; 1121621 Vice-Presidente: SILVIO PARUCKER &#8211; 2170426 Membros: FABIANO JELSON MACHADO NUNES &#8211; 2284997 PAULO CESAR OKIMOTO &#8211; 342881 CAROLINA CALOMENO MACHADO &#8211; 1160776 LEONARDO GOMES DA COSTA &#8211; 1847863 Suplente: SILVANA NAKAMORI BELOTTO &#8211; 1170027 IV. Compete CICE-UFPR: a) Implementar, acompanhar e divulgar medidas de utiliza\u00e7\u00e3o racional de energia el\u00e9trica;<\/p>\n","protected":false},"author":41,"featured_media":0,"comment_status":"closed","ping_status":"open","sticky":false,"template":"","format":"standard","meta":{"_acf_changed":false,"iawp_total_views":0,"footnotes":""},"categories":[117],"tags":[124],"class_list":["post-70353","post","type-post","status-publish","format-standard","hentry","category-rt","tag-comissao"],"acf":[],"_links":{"self":[{"href":"https:\/\/progepe.ufpr.br\/portarias\/wp-json\/wp\/v2\/posts\/70353","targetHints":{"allow":["GET"]}}],"collection":[{"href":"https:\/\/progepe.ufpr.br\/portarias\/wp-json\/wp\/v2\/posts"}],"about":[{"href":"https:\/\/progepe.ufpr.br\/portarias\/wp-json\/wp\/v2\/types\/post"}],"author":[{"embeddable":true,"href":"https:\/\/progepe.ufpr.br\/portarias\/wp-json\/wp\/v2\/users\/41"}],"replies":[{"embeddable":true,"href":"https:\/\/progepe.ufpr.br\/portarias\/wp-json\/wp\/v2\/comments?post=70353"}],"version-history":[{"count":1,"href":"https:\/\/progepe.ufpr.br\/portarias\/wp-json\/wp\/v2\/posts\/70353\/revisions"}],"predecessor-version":[{"id":125702,"href":"https:\/\/progepe.ufpr.br\/portarias\/wp-json\/wp\/v2\/posts\/70353\/revisions\/125702"}],"wp:attachment":[{"href":"https:\/\/progepe.ufpr.br\/portarias\/wp-json\/wp\/v2\/media?parent=70353"}],"wp:term":[{"taxonomy":"category","embeddable":true,"href":"https:\/\/progepe.ufpr.br\/portarias\/wp-json\/wp\/v2\/categories?post=70353"},{"taxonomy":"post_tag","embeddable":true,"href":"https:\/\/progepe.ufpr.br\/portarias\/wp-json\/wp\/v2\/tags?post=70353"}],"curies":[{"name":"wp","href":"https:\/\/api.w.org\/{rel}","templated":true}]}}