{"id":70358,"date":"2019-02-11T05:00:00","date_gmt":"2019-02-11T07:00:00","guid":{"rendered":"http:\/\/progepe.ufpr.br\/portarias\/rt-2019-00098\/"},"modified":"2023-08-03T13:14:33","modified_gmt":"2023-08-03T16:14:33","slug":"rt-2019-00098","status":"publish","type":"post","link":"https:\/\/progepe.ufpr.br\/portarias\/rt-2019-00098\/","title":{"rendered":"PORTARIA N\u00ba 00098\/REITORIA, DE 11 DE FEVEREIRO DE 2019"},"content":{"rendered":"\n<p>O Reitor da Universidade Federal do Paran\u00e1, no uso de suas atribui\u00e7\u00f5es, tendo em vista a compet\u00eancia que lhe \u00e9 conferida pelo artigo 30, inciso V, do Estatuto da UFPR, em conson\u00e2ncia com o disposto do artigo 80 da Lei n\u00ba 8.443, de 16 de julho de 1992, com a Instru\u00e7\u00e3o Normativa TCU n\u00ba 71, de 28 de novembro de 2012, com a Portaria CGU n\u00ba 807, de 25 de abril de 2013, e o que consta no processo 23075.193890\/2017-72,<\/p>\n\n\n<p><strong>RESOLVE:<\/strong><\/p>\n\n\n<p>1\u00ba &#8211; Prorrogar por 45 (quarenta e cinco) dias, a contar de 11 de fevereiro de 2019, o prazo para conclus\u00e3o dos trabalhos apurat\u00f3rios da Comiss\u00e3o de Tomada de Contas Especial, designada pela Portaria n\u00ba 525\/REITORIA, de 20 de setembro de 2018, publicada no Di\u00e1rio Oficial da Uni\u00e3o em 24 de setembro de 2018.<\/p><p> 2\u00ba &#8211; Esta Portaria entra em vigor na data de sua publica\u00e7\u00e3o no Di\u00e1rio Oficial da Uni\u00e3o.<\/p><p><\/p>\n\n\n<div style=\"height:15px\" aria-hidden=\"true\" class=\"wp-block-spacer\"><\/div>\n\n\n<div class=\"wp-block-buttons is-content-justification-right is-layout-flex wp-container-core-buttons-is-layout-1 wp-block-buttons-is-layout-flex\">\n<div class=\"wp-block-button has-custom-font-size is-style-outline has-small-font-size is-style-outline--1\"><a class=\"wp-block-button__link\" href=\"https:\/\/progepe.ufpr.br\/portarias\/wp-content\/uploads\/pcp\/RT\/2019\/98R.pdf\" style=\"border-radius:0px\" target=\"_blank\" rel=\"noreferrer noopener\">Acesse o arquivo da portaria<\/a><\/div><\/div>\n","protected":false},"excerpt":{"rendered":"<p>1\u00ba &#8211; Prorrogar por 45 (quarenta e cinco) dias, a contar de 11 de fevereiro de 2019, o prazo para conclus\u00e3o dos trabalhos apurat\u00f3rios da Comiss\u00e3o de Tomada de Contas Especial, designada pela Portaria n\u00ba 525\/REITORIA, de 20 de setembro de 2018, publicada no Di\u00e1rio Oficial da Uni\u00e3o em 24 de setembro de 2018. 2\u00ba &#8211; Esta Portaria entra em vigor na data de sua publica\u00e7\u00e3o no Di\u00e1rio Oficial da Uni\u00e3o.  {&#8220;height&#8221;:&#8221;15px&#8221;} <\/p>\n<div style=\"height:15px\" aria-hidden=\"true\" class=\"wp-block-spacer\"> <!-- \/wp:spacer  {\"layout\":{\"type\":\"flex\",\"justifyContent\":\"right\"}} \n\n<div class=\"wp-block-buttons\"><!-- wp:button {\"style\":{\"border\":{\"radius\":\"0px\"}},\"className\":\"is-style-outline\",\"fontSize\":\"small\"} \n\n<div class=\"wp-block-button has-custom-font-size is-style-outline has-small-font-size\"><a class=\"wp-block-button__link\" href=\"https:\/\/progepe.ufpr.br\/portarias\/wp-content\/uploads\/pcp\/RT\/2019\/98R.pdf\" style=\"border-radius:0px\" target=\"_blank\" rel=\"noreferrer noopener\">Acesse o arquivo\n<\/p>\n","protected":false},"author":41,"featured_media":0,"comment_status":"closed","ping_status":"open","sticky":false,"template":"","format":"standard","meta":{"_acf_changed":false,"iawp_total_views":0,"footnotes":""},"categories":[117],"tags":[124],"class_list":["post-70358","post","type-post","status-publish","format-standard","hentry","category-rt","tag-comissao"],"acf":[],"_links":{"self":[{"href":"https:\/\/progepe.ufpr.br\/portarias\/wp-json\/wp\/v2\/posts\/70358","targetHints":{"allow":["GET"]}}],"collection":[{"href":"https:\/\/progepe.ufpr.br\/portarias\/wp-json\/wp\/v2\/posts"}],"about":[{"href":"https:\/\/progepe.ufpr.br\/portarias\/wp-json\/wp\/v2\/types\/post"}],"author":[{"embeddable":true,"href":"https:\/\/progepe.ufpr.br\/portarias\/wp-json\/wp\/v2\/users\/41"}],"replies":[{"embeddable":true,"href":"https:\/\/progepe.ufpr.br\/portarias\/wp-json\/wp\/v2\/comments?post=70358"}],"version-history":[{"count":1,"href":"https:\/\/progepe.ufpr.br\/portarias\/wp-json\/wp\/v2\/posts\/70358\/revisions"}],"predecessor-version":[{"id":125707,"href":"https:\/\/progepe.ufpr.br\/portarias\/wp-json\/wp\/v2\/posts\/70358\/revisions\/125707"}],"wp:attachment":[{"href":"https:\/\/progepe.ufpr.br\/portarias\/wp-json\/wp\/v2\/media?parent=70358"}],"wp:term":[{"taxonomy":"category","embeddable":true,"href":"https:\/\/progepe.ufpr.br\/portarias\/wp-json\/wp\/v2\/categories?post=70358"},{"taxonomy":"post_tag","embeddable":true,"href":"https:\/\/progepe.ufpr.br\/portarias\/wp-json\/wp\/v2\/tags?post=70358"}],"curies":[{"name":"wp","href":"https:\/\/api.w.org\/{rel}","templated":true}]}}