{"id":70407,"date":"2019-04-11T05:09:00","date_gmt":"2019-04-11T08:09:00","guid":{"rendered":"http:\/\/progepe.ufpr.br\/portarias\/rt-2019-00328\/"},"modified":"2023-08-03T13:15:04","modified_gmt":"2023-08-03T16:15:04","slug":"rt-2019-00328","status":"publish","type":"post","link":"https:\/\/progepe.ufpr.br\/portarias\/rt-2019-00328\/","title":{"rendered":"PORTARIA N\u00ba 00328\/REITORIA, DE 11 DE ABRIL DE 2019"},"content":{"rendered":"\n<p>O Reitor da Universidade Federal do Paran\u00e1, no uso de suas atribui\u00e7\u00f5es, tendo em vista o que consta no artigo 50, \u00a7 1\u00ba do Estatuto desta Universidade e o que consta no processo n\u00ba 23075.022737\/2019-23,<\/p>\n\n\n<p><strong>RESOLVE:<\/strong><\/p>\n\n\n<p>I. Exonerar, a partir da data de publica\u00e7\u00e3o em DOU desta Portaria, o servidor PAULO HENRIQUE CARNEIRO MARQUES &#8211; 2169362, da fun\u00e7\u00e3o de Vice-Coordenador da C\u00e2mara do Curso de Gest\u00e3o Ambiental do Setor Litoral.<\/p><p> II. Designar o servidor PAULO HENRIQUE CARNEIRO MARQUES &#8211; 2169362, ocupante do cargo de Professor, no regime de trabalho de dedica\u00e7\u00e3o exclusiva, para exercer, de acordo com o Art. 2\u00ba, II combinado com o Art. 4\u00ba da Resolu\u00e7\u00e3o n\u00ba 04\/95 &#8211; COUN, a fun\u00e7\u00e3o de Coordenador da C\u00e2mara do Curso de Gest\u00e3o Ambiental do Setor Litoral, FCC \u2013 Fun\u00e7\u00e3o Comissionada de Coordena\u00e7\u00e3o de Curso, autorizada pela Lei n\u00ba 12.677, de 25 de junho de 2012, publicado no DOU de 26.06.2012 e Portaria\/MEC n\u00ba 1.172, de 17 de setembro de 2012, a partir da data de publica\u00e7\u00e3o em DOU desta Portaria at\u00e9 14 de agosto de 2019, t\u00e9rmino do mandato.<\/p><p> III. O mencionado docente cumprir\u00e1, obrigatoriamente, o regime de trabalho de tempo integral, de acordo com o disposto no \u00a7 5\u00ba, artigo 1\u00ba da Lei n\u00ba 8.168\/91.<\/p><p><\/p>\n\n\n<div style=\"height:15px\" aria-hidden=\"true\" class=\"wp-block-spacer\"><\/div>\n\n\n<div class=\"wp-block-buttons is-content-justification-right is-layout-flex wp-container-core-buttons-is-layout-1 wp-block-buttons-is-layout-flex\">\n<div class=\"wp-block-button has-custom-font-size is-style-outline has-small-font-size is-style-outline--1\"><a class=\"wp-block-button__link\" href=\"https:\/\/progepe.ufpr.br\/portarias\/wp-content\/uploads\/pcp\/RT\/2019\/328R.pdf\" style=\"border-radius:0px\" target=\"_blank\" rel=\"noreferrer noopener\">Acesse o arquivo da portaria<\/a><\/div><\/div>\n","protected":false},"excerpt":{"rendered":"<p>I. Exonerar, a partir da data de publica\u00e7\u00e3o em DOU desta Portaria, o servidor PAULO HENRIQUE CARNEIRO MARQUES &#8211; 2169362, da fun\u00e7\u00e3o de Vice-Coordenador da C\u00e2mara do Curso de Gest\u00e3o Ambiental do Setor Litoral. II. Designar o servidor PAULO HENRIQUE CARNEIRO MARQUES &#8211; 2169362, ocupante do cargo de Professor, no regime de trabalho de dedica\u00e7\u00e3o exclusiva, para exercer, de acordo com o Art. 2\u00ba, II combinado com o Art. 4\u00ba da Resolu\u00e7\u00e3o n\u00ba 04\/95 &#8211; COUN, a fun\u00e7\u00e3o de Coordenador da C\u00e2mara do Curso de Gest\u00e3o Ambiental do Setor Litoral, FCC \u2013 Fun\u00e7\u00e3o Comissionada de Coordena\u00e7\u00e3o de Curso,<\/p>\n","protected":false},"author":41,"featured_media":0,"comment_status":"closed","ping_status":"open","sticky":false,"template":"","format":"standard","meta":{"_acf_changed":false,"iawp_total_views":1,"footnotes":""},"categories":[117],"tags":[243],"class_list":["post-70407","post","type-post","status-publish","format-standard","hentry","category-rt","tag-coordenador-vice"],"acf":[],"_links":{"self":[{"href":"https:\/\/progepe.ufpr.br\/portarias\/wp-json\/wp\/v2\/posts\/70407","targetHints":{"allow":["GET"]}}],"collection":[{"href":"https:\/\/progepe.ufpr.br\/portarias\/wp-json\/wp\/v2\/posts"}],"about":[{"href":"https:\/\/progepe.ufpr.br\/portarias\/wp-json\/wp\/v2\/types\/post"}],"author":[{"embeddable":true,"href":"https:\/\/progepe.ufpr.br\/portarias\/wp-json\/wp\/v2\/users\/41"}],"replies":[{"embeddable":true,"href":"https:\/\/progepe.ufpr.br\/portarias\/wp-json\/wp\/v2\/comments?post=70407"}],"version-history":[{"count":1,"href":"https:\/\/progepe.ufpr.br\/portarias\/wp-json\/wp\/v2\/posts\/70407\/revisions"}],"predecessor-version":[{"id":125756,"href":"https:\/\/progepe.ufpr.br\/portarias\/wp-json\/wp\/v2\/posts\/70407\/revisions\/125756"}],"wp:attachment":[{"href":"https:\/\/progepe.ufpr.br\/portarias\/wp-json\/wp\/v2\/media?parent=70407"}],"wp:term":[{"taxonomy":"category","embeddable":true,"href":"https:\/\/progepe.ufpr.br\/portarias\/wp-json\/wp\/v2\/categories?post=70407"},{"taxonomy":"post_tag","embeddable":true,"href":"https:\/\/progepe.ufpr.br\/portarias\/wp-json\/wp\/v2\/tags?post=70407"}],"curies":[{"name":"wp","href":"https:\/\/api.w.org\/{rel}","templated":true}]}}