{"id":70470,"date":"2019-06-28T05:03:00","date_gmt":"2019-06-28T08:03:00","guid":{"rendered":"http:\/\/progepe.ufpr.br\/portarias\/rt-2019-00510\/"},"modified":"2024-09-24T10:53:39","modified_gmt":"2024-09-24T13:53:39","slug":"rt-2019-00510","status":"publish","type":"post","link":"https:\/\/progepe.ufpr.br\/portarias\/rt-2019-00510\/","title":{"rendered":"PORTARIA N\u00ba 00510\/REITORIA, DE 28 DE JUNHO DE 2019"},"content":{"rendered":"\n<p style=\"padding-left:43%\">O Reitor da Universidade Federal do Paran\u00e1, no uso de suas atribui\u00e7\u00f5es, tendo em vista o que consta no artigo 50, \u00a7 \u00danico do Regimento Geral desta Universidade e o que consta no processo n\u00ba 23075.033191\/2019-36,<\/p>\n\n\n\n<p style=\"padding-left:43%\"><strong>RESOLVE:<\/strong><\/p>\n\n\n\n<p>I. Nomear a servidora MARCIA SHIZUE MASSUKADO NAKATANI &#8211; 2526342, ocupante do cargo de Professora, no regime de trabalho de dedica\u00e7\u00e3o exclusiva, para exercer a fun\u00e7\u00e3o de Vice-Coordenadora do Programa de P\u00f3s-Gradua\u00e7\u00e3o em Turismo do Setor de Ci\u00eancias Humanas.<\/p>\n\n\n\n<p>II. O mandato ser\u00e1 de 02 (dois) anos, a partir da data de publica\u00e7\u00e3o em DOU da <a href=\"https:\/\/progepe.ufpr.br\/portarias\/rt-2019-00509\/\" data-type=\"post\" data-id=\"70469\">portaria de nomea\u00e7\u00e3o do titular<\/a>.<\/p>\n\n\n\n<p>III. Nos impedimentos do Coordenador, a mencionada docente cumprir\u00e1, obrigatoriamente, o regime de trabalho de tempo integral, de acordo com o disposto no \u00a7 5\u00ba, artigo 1\u00ba da Lei n\u00ba 8.168\/91.<\/p>\n","protected":false},"excerpt":{"rendered":"<p>I. Nomear a servidora MARCIA SHIZUE MASSUKADO NAKATANI &#8211; 2526342, ocupante do cargo de Professora, no regime de trabalho de dedica\u00e7\u00e3o exclusiva, para exercer a fun\u00e7\u00e3o de Vice-Coordenadora do Programa de P\u00f3s-Gradua\u00e7\u00e3o em Turismo do Setor de Ci\u00eancias Humanas.  II. O mandato ser\u00e1 de 02 (dois) anos, a partir da data de publica\u00e7\u00e3o em DOU da <a href=\"https:\/\/progepe.ufpr.br\/portarias\/rt-2019-00509\/\" data-type=\"post\" data-id=\"70469\">portaria de nomea\u00e7\u00e3o do titular<\/a>.  III. Nos impedimentos do Coordenador, a mencionada docente cumprir\u00e1, obrigatoriamente, o regime de trabalho de tempo integral, de acordo com o disposto no \u00a7 5\u00ba, artigo 1\u00ba da Lei n\u00ba 8.168\/91.<\/p>\n","protected":false},"author":41,"featured_media":0,"comment_status":"closed","ping_status":"open","sticky":false,"template":"","format":"standard","meta":{"_acf_changed":false,"iawp_total_views":0,"footnotes":""},"categories":[117],"tags":[243],"class_list":["post-70470","post","type-post","status-publish","format-standard","hentry","category-rt","tag-coordenador-vice"],"acf":[],"_links":{"self":[{"href":"https:\/\/progepe.ufpr.br\/portarias\/wp-json\/wp\/v2\/posts\/70470","targetHints":{"allow":["GET"]}}],"collection":[{"href":"https:\/\/progepe.ufpr.br\/portarias\/wp-json\/wp\/v2\/posts"}],"about":[{"href":"https:\/\/progepe.ufpr.br\/portarias\/wp-json\/wp\/v2\/types\/post"}],"author":[{"embeddable":true,"href":"https:\/\/progepe.ufpr.br\/portarias\/wp-json\/wp\/v2\/users\/41"}],"replies":[{"embeddable":true,"href":"https:\/\/progepe.ufpr.br\/portarias\/wp-json\/wp\/v2\/comments?post=70470"}],"version-history":[{"count":3,"href":"https:\/\/progepe.ufpr.br\/portarias\/wp-json\/wp\/v2\/posts\/70470\/revisions"}],"predecessor-version":[{"id":257574,"href":"https:\/\/progepe.ufpr.br\/portarias\/wp-json\/wp\/v2\/posts\/70470\/revisions\/257574"}],"wp:attachment":[{"href":"https:\/\/progepe.ufpr.br\/portarias\/wp-json\/wp\/v2\/media?parent=70470"}],"wp:term":[{"taxonomy":"category","embeddable":true,"href":"https:\/\/progepe.ufpr.br\/portarias\/wp-json\/wp\/v2\/categories?post=70470"},{"taxonomy":"post_tag","embeddable":true,"href":"https:\/\/progepe.ufpr.br\/portarias\/wp-json\/wp\/v2\/tags?post=70470"}],"curies":[{"name":"wp","href":"https:\/\/api.w.org\/{rel}","templated":true}]}}